{"id":29319,"date":"2020-02-14T13:07:28","date_gmt":"2020-02-14T19:07:28","guid":{"rendered":"http:\/\/www.municipiosyucatan.com\/wp\/?p=29319"},"modified":"2020-02-14T13:09:39","modified_gmt":"2020-02-14T19:09:39","slug":"se-les-achicharra-la-combi-en-fraccionamiento-de-uman","status":"publish","type":"post","link":"https:\/\/www.municipiosyucatan.com\/wp\/se-les-achicharra-la-combi-en-fraccionamiento-de-uman.html","title":{"rendered":"Se les achicharra la combi en fraccionamiento de Um\u00e1n"},"content":{"rendered":"<p style=\"text-align: justify;\"><span style=\"color: #000000;\">Um\u00e1n, Yucat\u00e1n; 14 de febrero de 2020 (ACOM).- Un corto circuito en una camioneta hizo que la unidad se incendiara hasta quedar completamente calcinada en el fraccionamiento Villas de Um\u00e1n Norte.<\/span><\/p>\n<p style=\"text-align: justify;\"><span style=\"color: #000000;\">Los hechos ocurrieron cuando Rub\u00e9n C. transitaba sobre la calle 26-F y al intentar incorporarse a la 28 se percat\u00f3 que por la parte trasera del veh\u00edculo comenz\u00f3 a salir humo.<\/span><\/p>\n<p><img loading=\"lazy\" decoding=\"async\" class=\"wp-image-29320 aligncenter\" src=\"https:\/\/www.municipiosyucatan.com\/wp\/wp-content\/uploads\/2020\/02\/Incendio1.jpg\" alt=\"\" width=\"600\" height=\"337\" srcset=\"https:\/\/www.municipiosyucatan.com\/wp\/wp-content\/uploads\/2020\/02\/Incendio1.jpg 800w, https:\/\/www.municipiosyucatan.com\/wp\/wp-content\/uploads\/2020\/02\/Incendio1-768x431.jpg 768w\" sizes=\"auto, (max-width: 600px) 100vw, 600px\" \/><\/p>\n<p style=\"text-align: justify;\"><span style=\"color: #000000;\">Al ver las llamas, r\u00e1pidamente se estacion\u00f3 y baj\u00f3 a su familia que viajaba con \u00e9l, observando c\u00f3mo su camioneta era consumida por las llamas.<\/span><\/p>\n<p style=\"text-align: justify;\"><span style=\"color: #000000;\">El propietario y vecinos de la colonia inmediatamente dieron parte a las autoridades, arribando al lugar Protecci\u00f3n Civil de Um\u00e1n, cuyos elementos comenzaron a sofocar las llamas en lo que llegaban los bomberos de la SSP.<\/span><\/p>\n<p style=\"text-align: justify;\"><span style=\"color: #000000;\">M\u00e1s tarde hicieron los tragahumos hicieron acto de presencia y apoyaron para poner fin al incendio; la camioneta fue declarada como p\u00e9rdida total.<\/span><\/p>\n","protected":false},"excerpt":{"rendered":"<p>Afortunadamente lograron salir a tiempo del veh\u00edculo, que en cuesti\u00f3n de minutos fue devorado por las llamas.<\/p>\n","protected":false},"author":10,"featured_media":29321,"comment_status":"closed","ping_status":"closed","sticky":false,"template":"","format":"standard","meta":{"footnotes":""},"categories":[51],"tags":[8323,4174,8324],"class_list":["post-29319","post","type-post","status-publish","format-standard","has-post-thumbnail","category-merida","tag-combi","tag-incendio","tag-villas-de-uman-norte"],"_links":{"self":[{"href":"https:\/\/www.municipiosyucatan.com\/wp\/wp-json\/wp\/v2\/posts\/29319","targetHints":{"allow":["GET"]}}],"collection":[{"href":"https:\/\/www.municipiosyucatan.com\/wp\/wp-json\/wp\/v2\/posts"}],"about":[{"href":"https:\/\/www.municipiosyucatan.com\/wp\/wp-json\/wp\/v2\/types\/post"}],"author":[{"embeddable":true,"href":"https:\/\/www.municipiosyucatan.com\/wp\/wp-json\/wp\/v2\/users\/10"}],"replies":[{"embeddable":true,"href":"https:\/\/www.municipiosyucatan.com\/wp\/wp-json\/wp\/v2\/comments?post=29319"}],"version-history":[{"count":0,"href":"https:\/\/www.municipiosyucatan.com\/wp\/wp-json\/wp\/v2\/posts\/29319\/revisions"}],"wp:featuredmedia":[{"embeddable":true,"href":"https:\/\/www.municipiosyucatan.com\/wp\/wp-json\/wp\/v2\/media\/29321"}],"wp:attachment":[{"href":"https:\/\/www.municipiosyucatan.com\/wp\/wp-json\/wp\/v2\/media?parent=29319"}],"wp:term":[{"taxonomy":"category","embeddable":true,"href":"https:\/\/www.municipiosyucatan.com\/wp\/wp-json\/wp\/v2\/categories?post=29319"},{"taxonomy":"post_tag","embeddable":true,"href":"https:\/\/www.municipiosyucatan.com\/wp\/wp-json\/wp\/v2\/tags?post=29319"}],"curies":[{"name":"wp","href":"https:\/\/api.w.org\/{rel}","templated":true}]}}