{"id":29395,"date":"2020-02-27T12:50:46","date_gmt":"2020-02-27T18:50:46","guid":{"rendered":"http:\/\/www.municipiosyucatan.com\/wp\/?p=29395"},"modified":"2020-02-27T12:50:46","modified_gmt":"2020-02-27T18:50:46","slug":"conductora-colisiona-a-tricicletero-en-tizimin","status":"publish","type":"post","link":"https:\/\/www.municipiosyucatan.com\/wp\/conductora-colisiona-a-tricicletero-en-tizimin.html","title":{"rendered":"Conductora colisiona a tricicletero en Tizim\u00edn"},"content":{"rendered":"<p dir=\"auto\" style=\"text-align: justify;\">Tizim\u00edn, Yucat\u00e1n; 27 de febrero de 2020 (ACOM).- Una colisi\u00f3n entre un Aveo y un triciclo se registr\u00f3 en la colonia ocho calles en Tizim\u00edn, sin que haya lesionados.<\/p>\n<p dir=\"auto\" style=\"text-align: justify;\">El percance ocurri\u00f3 cuando Rita E.C.M., conductora de un Aveo, se encontraba estacionada frente al Cobay, pero al intentar salir colision\u00f3 a Manuel C.C. quien transitaba con su triciclo por el lugar.<\/p>\n<p dir=\"auto\"><img loading=\"lazy\" decoding=\"async\" class=\"wp-image-29396 aligncenter\" src=\"https:\/\/www.municipiosyucatan.com\/wp\/wp-content\/uploads\/2020\/02\/Tizim\u00edn1.jpg\" alt=\"\" width=\"600\" height=\"337\" srcset=\"https:\/\/www.municipiosyucatan.com\/wp\/wp-content\/uploads\/2020\/02\/Tizim\u00edn1.jpg 1021w, https:\/\/www.municipiosyucatan.com\/wp\/wp-content\/uploads\/2020\/02\/Tizim\u00edn1-768x432.jpg 768w\" sizes=\"auto, (max-width: 600px) 100vw, 600px\" \/><\/p>\n<p dir=\"auto\" style=\"text-align: justify;\">Tras el choque, el auto termin\u00f3 con peque\u00f1os raspones en su portezuela derecha, en tanto el triciclo no recibi\u00f3 da\u00f1o alguno.<\/p>\n<p dir=\"auto\" style=\"text-align: justify;\">Elementos de la Polic\u00eda Municipal llegaron al lugar para abanderar la zona y tomar datos de lo ocurrido. M\u00e1s tarde llegaron peritos de tr\u00e1nsito que ordenaron el traslado de los implicados junto a sus veh\u00edculos a la comandancia municipal para el deslinde de responsabilidades.<\/p>\n","protected":false},"excerpt":{"rendered":"<p>Los implicados fueron trasladados a la comandancia municipal para el deslinde de responsabilidades. Por fortuna, no hubo lesionados.<\/p>\n","protected":false},"author":10,"featured_media":29397,"comment_status":"closed","ping_status":"closed","sticky":false,"template":"","format":"standard","meta":{"footnotes":""},"categories":[97,7705],"tags":[8252,8350],"class_list":["post-29395","post","type-post","status-publish","format-standard","has-post-thumbnail","category-tizimin","category-yucatan-oriente","tag-colision-en-tizimin","tag-tricicletero"],"_links":{"self":[{"href":"https:\/\/www.municipiosyucatan.com\/wp\/wp-json\/wp\/v2\/posts\/29395","targetHints":{"allow":["GET"]}}],"collection":[{"href":"https:\/\/www.municipiosyucatan.com\/wp\/wp-json\/wp\/v2\/posts"}],"about":[{"href":"https:\/\/www.municipiosyucatan.com\/wp\/wp-json\/wp\/v2\/types\/post"}],"author":[{"embeddable":true,"href":"https:\/\/www.municipiosyucatan.com\/wp\/wp-json\/wp\/v2\/users\/10"}],"replies":[{"embeddable":true,"href":"https:\/\/www.municipiosyucatan.com\/wp\/wp-json\/wp\/v2\/comments?post=29395"}],"version-history":[{"count":0,"href":"https:\/\/www.municipiosyucatan.com\/wp\/wp-json\/wp\/v2\/posts\/29395\/revisions"}],"wp:featuredmedia":[{"embeddable":true,"href":"https:\/\/www.municipiosyucatan.com\/wp\/wp-json\/wp\/v2\/media\/29397"}],"wp:attachment":[{"href":"https:\/\/www.municipiosyucatan.com\/wp\/wp-json\/wp\/v2\/media?parent=29395"}],"wp:term":[{"taxonomy":"category","embeddable":true,"href":"https:\/\/www.municipiosyucatan.com\/wp\/wp-json\/wp\/v2\/categories?post=29395"},{"taxonomy":"post_tag","embeddable":true,"href":"https:\/\/www.municipiosyucatan.com\/wp\/wp-json\/wp\/v2\/tags?post=29395"}],"curies":[{"name":"wp","href":"https:\/\/api.w.org\/{rel}","templated":true}]}}