{"id":29945,"date":"2020-05-05T03:22:59","date_gmt":"2020-05-05T08:22:59","guid":{"rendered":"http:\/\/www.municipiosyucatan.com\/wp\/?p=29945"},"modified":"2020-05-05T03:22:59","modified_gmt":"2020-05-05T08:22:59","slug":"ayer-se-reunieron-para-celebrar-a-la-santa-cruz-hoy-les-cae-el-primer-caso-de-covid-19","status":"publish","type":"post","link":"https:\/\/www.municipiosyucatan.com\/wp\/ayer-se-reunieron-para-celebrar-a-la-santa-cruz-hoy-les-cae-el-primer-caso-de-covid-19.html","title":{"rendered":"Ayer se reunieron para celebrar a la Santa Cruz, hoy les cae el primer caso de COVID-19"},"content":{"rendered":"<p>Xocchel, Yucat\u00e1n; 04 de mayo de 2020 (ACOM).- Xocchel confirma su primer caso de coronavirus COVID 19, como adelant\u00f3 la alcaldesa Leydi Castro Gamboa, quien recrimin\u00f3 la poca disposici\u00f3n de un sector de la poblaci\u00f3n para seguir las recomendaciones de las autoridades sanitarias ante esta contingencia.<\/p>\n<p>Esto ha tra\u00eddo una tensa calma y preocupaci\u00f3n por parte de las autoridades, ya que despu\u00e9s de darse a conocer por parte de las autoridades de la SSY trascendi\u00f3 que en este municipio varias familias convocaron a festejos para celebrar el d\u00eda de la Santa Cruz, hasta con bebidas embriagantes.<\/p>\n<p>-Es lamentable saber que se detecta el primer caso de COVID-19 en nuestro municipio, pero no bajaremos al guardia de seguir las medidas e incluso incrementar dichas medidas de prevenci\u00f3n para evitar m\u00e1s contagios, indico la autoridad municipal.<\/p>\n<p><img loading=\"lazy\" decoding=\"async\" class=\"size-full wp-image-29946 aligncenter\" src=\"https:\/\/www.municipiosyucatan.com\/wp\/wp-content\/uploads\/2020\/05\/xocchel.jpg\" alt=\"\" width=\"768\" height=\"508\" \/><\/p>\n<p>Los regidores y el equipo de trabajo, en coordinaci\u00f3n con el Sector Salud Estatal, al enterarse del comunicado se dio a conocer a la comunidad que extremen los cuidados.<\/p>\n<p>\u201cExhortamos a seguir todas las medidas sanitarias que han emitido las autoridades, seguir la prevenci\u00f3n de la sana distancia y quedarse en casa, para no poner en peligro su salud pues nadie est\u00e1 exento\u00a0del contagio\u201d, indicaron.<\/p>\n","protected":false},"excerpt":{"rendered":"<p>Hay un sector de la poblaci\u00f3n de Xocchel que le vali\u00f3 la contingencia y se reunieron para tomar, pese a la ley seca, con motivo de la Santa Cruz; hoy les confirman el primer caso en el pueblo.<\/p>\n","protected":false},"author":9,"featured_media":29946,"comment_status":"closed","ping_status":"closed","sticky":false,"template":"","format":"standard","meta":{"footnotes":""},"categories":[104,7707],"tags":[3166,7826],"class_list":["post-29945","post","type-post","status-publish","format-standard","has-post-thumbnail","category-xocchel","category-yucatan-centro","tag-xocchel-2","tag-yucatan-centro"],"_links":{"self":[{"href":"https:\/\/www.municipiosyucatan.com\/wp\/wp-json\/wp\/v2\/posts\/29945","targetHints":{"allow":["GET"]}}],"collection":[{"href":"https:\/\/www.municipiosyucatan.com\/wp\/wp-json\/wp\/v2\/posts"}],"about":[{"href":"https:\/\/www.municipiosyucatan.com\/wp\/wp-json\/wp\/v2\/types\/post"}],"author":[{"embeddable":true,"href":"https:\/\/www.municipiosyucatan.com\/wp\/wp-json\/wp\/v2\/users\/9"}],"replies":[{"embeddable":true,"href":"https:\/\/www.municipiosyucatan.com\/wp\/wp-json\/wp\/v2\/comments?post=29945"}],"version-history":[{"count":0,"href":"https:\/\/www.municipiosyucatan.com\/wp\/wp-json\/wp\/v2\/posts\/29945\/revisions"}],"wp:featuredmedia":[{"embeddable":true,"href":"https:\/\/www.municipiosyucatan.com\/wp\/wp-json\/wp\/v2\/media\/29946"}],"wp:attachment":[{"href":"https:\/\/www.municipiosyucatan.com\/wp\/wp-json\/wp\/v2\/media?parent=29945"}],"wp:term":[{"taxonomy":"category","embeddable":true,"href":"https:\/\/www.municipiosyucatan.com\/wp\/wp-json\/wp\/v2\/categories?post=29945"},{"taxonomy":"post_tag","embeddable":true,"href":"https:\/\/www.municipiosyucatan.com\/wp\/wp-json\/wp\/v2\/tags?post=29945"}],"curies":[{"name":"wp","href":"https:\/\/api.w.org\/{rel}","templated":true}]}}