{"id":30014,"date":"2020-05-09T10:33:32","date_gmt":"2020-05-09T15:33:32","guid":{"rendered":"http:\/\/www.municipiosyucatan.com\/wp\/?p=30014"},"modified":"2020-05-09T10:33:32","modified_gmt":"2020-05-09T15:33:32","slug":"le-da-en-la-torre-a-la-caja-del-trailer-por-una-brusca-maniobra","status":"publish","type":"post","link":"https:\/\/www.municipiosyucatan.com\/wp\/le-da-en-la-torre-a-la-caja-del-trailer-por-una-brusca-maniobra.html","title":{"rendered":"Le da \u2018en la Torre\u2019 a la caja del tr\u00e1iler por una brusca maniobra"},"content":{"rendered":"<p style=\"text-align: justify;\">Hunucm\u00e1, Yucat\u00e1n, 9 de mayo de 2020 (ACOM). &#8211; La caja de un tracto-cami\u00f3n se desprendi\u00f3 y volc\u00f3 en la v\u00eda federal M\u00e9rida \u2013 Tetiz, a causa de que el operador se orill\u00f3 demasiado e hizo una maniobra brusca con el volante.<\/p>\n<p style=\"text-align: justify;\">Jos\u00e9 Alberto Torregrosa Vargas, de 52 a\u00f1os, conduc\u00eda el Torton Freightliner Internacional con placas 10-AB-45 (M\u00e9xico) y al llegar a la altura del kil\u00f3metro 14, seg\u00fan el guiador, se peg\u00f3 al acotamiento para ceder el paso a un autob\u00fas que intentaba rebasarlo.<\/p>\n<p><img loading=\"lazy\" decoding=\"async\" class=\"wp-image-30015 aligncenter\" src=\"https:\/\/www.municipiosyucatan.com\/wp\/wp-content\/uploads\/2020\/05\/Tr\u00e1iler-Hunucm\u00e1.jpg\" alt=\"\" width=\"600\" height=\"404\" srcset=\"https:\/\/www.municipiosyucatan.com\/wp\/wp-content\/uploads\/2020\/05\/Tr\u00e1iler-Hunucm\u00e1.jpg 1280w, https:\/\/www.municipiosyucatan.com\/wp\/wp-content\/uploads\/2020\/05\/Tr\u00e1iler-Hunucm\u00e1-768x518.jpg 768w\" sizes=\"auto, (max-width: 600px) 100vw, 600px\" \/><\/p>\n<p style=\"text-align: justify;\">Fue cuando perdi\u00f3 el control, se sali\u00f3 del camino y en una maniobra defensiva logr\u00f3 recuperar el rumbo de la pesada, pero la caja se desprendi\u00f3 y volc\u00f3.<\/p>\n<p style=\"text-align: justify;\">El contenedor acab\u00f3 como p\u00e9rdida total que iba cargado con 400 sacos de trigo molido, pero hasta no se reg\u00f3 sobre el pavimento.<\/p>\n<p>Elementos de la polic\u00eda coordinada y param\u00e9dicos de la Cruz Roja arribaron al lugar del percance. A Torregrosa Vargas s\u00f3lo se le subi\u00f3 un poco el az\u00facar, por lo que fue valorado por los cuerpos de auxilio.<\/p>\n","protected":false},"excerpt":{"rendered":"<p>Jos\u00e9 Alberto Torregrosa transportaba 400 sacos de trigo molido, pero no llegaron a su destino y terminaron volcados en la v\u00eda M\u00e9rida-Tetiz. <\/p>\n","protected":false},"author":10,"featured_media":30016,"comment_status":"closed","ping_status":"closed","sticky":false,"template":"","format":"standard","meta":{"footnotes":""},"categories":[39,7706],"tags":[7862,8556,3570],"class_list":["post-30014","post","type-post","status-publish","format-standard","has-post-thumbnail","category-hunucma","category-yucatan-poniente","tag-merida-tetiz","tag-tractocamion","tag-volcadura"],"_links":{"self":[{"href":"https:\/\/www.municipiosyucatan.com\/wp\/wp-json\/wp\/v2\/posts\/30014","targetHints":{"allow":["GET"]}}],"collection":[{"href":"https:\/\/www.municipiosyucatan.com\/wp\/wp-json\/wp\/v2\/posts"}],"about":[{"href":"https:\/\/www.municipiosyucatan.com\/wp\/wp-json\/wp\/v2\/types\/post"}],"author":[{"embeddable":true,"href":"https:\/\/www.municipiosyucatan.com\/wp\/wp-json\/wp\/v2\/users\/10"}],"replies":[{"embeddable":true,"href":"https:\/\/www.municipiosyucatan.com\/wp\/wp-json\/wp\/v2\/comments?post=30014"}],"version-history":[{"count":0,"href":"https:\/\/www.municipiosyucatan.com\/wp\/wp-json\/wp\/v2\/posts\/30014\/revisions"}],"wp:featuredmedia":[{"embeddable":true,"href":"https:\/\/www.municipiosyucatan.com\/wp\/wp-json\/wp\/v2\/media\/30016"}],"wp:attachment":[{"href":"https:\/\/www.municipiosyucatan.com\/wp\/wp-json\/wp\/v2\/media?parent=30014"}],"wp:term":[{"taxonomy":"category","embeddable":true,"href":"https:\/\/www.municipiosyucatan.com\/wp\/wp-json\/wp\/v2\/categories?post=30014"},{"taxonomy":"post_tag","embeddable":true,"href":"https:\/\/www.municipiosyucatan.com\/wp\/wp-json\/wp\/v2\/tags?post=30014"}],"curies":[{"name":"wp","href":"https:\/\/api.w.org\/{rel}","templated":true}]}}