{"id":30487,"date":"2020-07-09T18:02:30","date_gmt":"2020-07-09T23:02:30","guid":{"rendered":"http:\/\/www.municipiosyucatan.com\/wp\/?p=30487"},"modified":"2020-07-09T18:02:30","modified_gmt":"2020-07-09T23:02:30","slug":"procesaran-a-sujetos-que-transportaban-pericos-en-tizimin","status":"publish","type":"post","link":"https:\/\/www.municipiosyucatan.com\/wp\/procesaran-a-sujetos-que-transportaban-pericos-en-tizimin.html","title":{"rendered":"Procesar\u00e1n a sujetos que transportaban pericos en Tizim\u00edn"},"content":{"rendered":"<p class=\"x_MsoNormal\" style=\"text-align: justify;\">M\u00e9rida, Yucat\u00e1n; 9 de julio de 2020.- El Ministerio P\u00fablico de la Fiscal\u00eda General de la Rep\u00fablica (FGR) en Yucat\u00e1n, obtuvo del Juzgado Segundo de Distrito Especializado en el Sistema Penal Acusatorio, auto de vinculaci\u00f3n a proceso contra Jos\u00e9 \u201cC\u201d y Gadiel \u201cC\u201d, por la probable comisi\u00f3n del delito contra la biodiversidad, previsto y sancionado en el C\u00f3digo Penal Federal.<\/p>\n<p class=\"x_MsoNormal\" style=\"text-align: justify;\">La carpeta de investigaci\u00f3n, refiere que el pasado 29 de junio de este a\u00f1o, elementos de la Secretar\u00eda de Seguridad P\u00fablica del Estado (SSP), detuvieron a los vinculados en la colonia Yucat\u00e1n, del municipio de Tizim\u00edn, en posesi\u00f3n de cinco ejemplares de fauna silvestre, consistentes en aves de la especie denominada Amazona Albifrons (perico frente blanca).<\/p>\n<p class=\"x_MsoNormal\" style=\"text-align: justify;\">Los ejemplares se encontraban distribuidos dentro de dos cajas de cart\u00f3n, en el interior de un autom\u00f3vil, sin contar con autorizaci\u00f3n por parte de la autoridad administrativa competente, por lo que quedaron a disposici\u00f3n del Fiscal Federal adscrito a la subsede Valladolid de la FGR.<\/p>\n<p><img loading=\"lazy\" decoding=\"async\" class=\"wp-image-30488 aligncenter\" src=\"https:\/\/www.municipiosyucatan.com\/wp\/wp-content\/uploads\/2020\/07\/Pericos.jpg\" alt=\"\" width=\"602\" height=\"338\" \/><\/p>\n<p class=\"x_MsoNormal\" style=\"text-align: justify;\">En la audiencia de vinculaci\u00f3n celebrada el pasado 6 de julio, la Representaci\u00f3n Social Federal obtuvo de la Juez de Control, auto de vinculaci\u00f3n a proceso contra los imputados por el delito contra la biodiversidad, en la modalidad de posesi\u00f3n simple de las aves conocidas como perico frente blanca, sujetas a protecci\u00f3n especial por la Norma Oficial Mexicana.<\/p>\n<p class=\"x_MsoNormal\" style=\"text-align: justify;\">Como medida cautelar contra los imputados, se dict\u00f3 para Jos\u00e9 \u201cC\u201d presentarse los d\u00edas uno de cada mes, ante el Centro de Justicia Penal Federal, mientras que Gadiel \u201cC\u201d, se presentar\u00e1 ante la presidencia municipal de Tizim\u00edn y, deber\u00e1n de exhibir una garant\u00eda econ\u00f3mica.<\/p>\n","protected":false},"excerpt":{"rendered":"<p>Los dos sujetos fueron puestos a disposici\u00f3n de las autoridades por la probable comisi\u00f3n del delito contra la biodiversidad.<\/p>\n","protected":false},"author":10,"featured_media":30488,"comment_status":"closed","ping_status":"closed","sticky":false,"template":"","format":"standard","meta":{"footnotes":""},"categories":[97,7705],"tags":[8728,8726,8727],"class_list":["post-30487","post","type-post","status-publish","format-standard","has-post-thumbnail","category-tizimin","category-yucatan-oriente","tag-fgr","tag-pericos","tag-trafico-de-animales"],"_links":{"self":[{"href":"https:\/\/www.municipiosyucatan.com\/wp\/wp-json\/wp\/v2\/posts\/30487","targetHints":{"allow":["GET"]}}],"collection":[{"href":"https:\/\/www.municipiosyucatan.com\/wp\/wp-json\/wp\/v2\/posts"}],"about":[{"href":"https:\/\/www.municipiosyucatan.com\/wp\/wp-json\/wp\/v2\/types\/post"}],"author":[{"embeddable":true,"href":"https:\/\/www.municipiosyucatan.com\/wp\/wp-json\/wp\/v2\/users\/10"}],"replies":[{"embeddable":true,"href":"https:\/\/www.municipiosyucatan.com\/wp\/wp-json\/wp\/v2\/comments?post=30487"}],"version-history":[{"count":0,"href":"https:\/\/www.municipiosyucatan.com\/wp\/wp-json\/wp\/v2\/posts\/30487\/revisions"}],"wp:featuredmedia":[{"embeddable":true,"href":"https:\/\/www.municipiosyucatan.com\/wp\/wp-json\/wp\/v2\/media\/30488"}],"wp:attachment":[{"href":"https:\/\/www.municipiosyucatan.com\/wp\/wp-json\/wp\/v2\/media?parent=30487"}],"wp:term":[{"taxonomy":"category","embeddable":true,"href":"https:\/\/www.municipiosyucatan.com\/wp\/wp-json\/wp\/v2\/categories?post=30487"},{"taxonomy":"post_tag","embeddable":true,"href":"https:\/\/www.municipiosyucatan.com\/wp\/wp-json\/wp\/v2\/tags?post=30487"}],"curies":[{"name":"wp","href":"https:\/\/api.w.org\/{rel}","templated":true}]}}