{"id":30504,"date":"2020-07-11T19:53:20","date_gmt":"2020-07-12T00:53:20","guid":{"rendered":"http:\/\/www.municipiosyucatan.com\/wp\/?p=30504"},"modified":"2020-07-11T19:53:20","modified_gmt":"2020-07-12T00:53:20","slug":"sale-ileso-tras-aparatosa-volcadura-en-la-merida-cancun","status":"publish","type":"post","link":"https:\/\/www.municipiosyucatan.com\/wp\/sale-ileso-tras-aparatosa-volcadura-en-la-merida-cancun.html","title":{"rendered":"Sale ileso tras aparatosa volcadura en la M\u00e9rida-Canc\u00fan"},"content":{"rendered":"<p style=\"text-align: justify;\">Valladolid, Yucat\u00e1n; 11 de julio de 2020 (ACOM).- Dentro de la maleza volcado t\u00e9rmino un veh\u00edculo luego de que su conductor perdiera el control de su volante en el kil\u00f3metro 119+100 de la carretera federal M\u00e9rida-Canc\u00fan.<\/p>\n<p><img loading=\"lazy\" decoding=\"async\" class=\"wp-image-30505 aligncenter\" src=\"https:\/\/www.municipiosyucatan.com\/wp\/wp-content\/uploads\/2020\/07\/Volcadura1.jpg\" alt=\"\" width=\"598\" height=\"337\" \/><\/p>\n<p dir=\"auto\" style=\"text-align: justify;\">Param\u00e9dicos de la Cruz Roja llegaron al sitio y atendieron al conductor quien \u00fanicamente sufri\u00f3 golpes leves y no amerit\u00f3 ser llevado al hospital.<\/p>\n<p dir=\"auto\" style=\"text-align: justify;\">En tanto la Secretar\u00eda de Seguridad P\u00fablica (SSP), abander\u00f3 la zona y m\u00e1s tarde la Guardia Nacional se hizo cargo del accidente.<\/p>\n","protected":false},"excerpt":{"rendered":"<p>Luego de perder el control del volante el conductor acab\u00f3 llantas arriba entre la maleza. Por fortuna sali\u00f3 ileso.<\/p>\n","protected":false},"author":10,"featured_media":30505,"comment_status":"closed","ping_status":"closed","sticky":false,"template":"","format":"standard","meta":{"footnotes":""},"categories":[103,7705],"tags":[8738,8103,3570],"class_list":["post-30504","post","type-post","status-publish","format-standard","has-post-thumbnail","category-valladolid","category-yucatan-oriente","tag-ileso","tag-merida-cancun","tag-volcadura"],"_links":{"self":[{"href":"https:\/\/www.municipiosyucatan.com\/wp\/wp-json\/wp\/v2\/posts\/30504","targetHints":{"allow":["GET"]}}],"collection":[{"href":"https:\/\/www.municipiosyucatan.com\/wp\/wp-json\/wp\/v2\/posts"}],"about":[{"href":"https:\/\/www.municipiosyucatan.com\/wp\/wp-json\/wp\/v2\/types\/post"}],"author":[{"embeddable":true,"href":"https:\/\/www.municipiosyucatan.com\/wp\/wp-json\/wp\/v2\/users\/10"}],"replies":[{"embeddable":true,"href":"https:\/\/www.municipiosyucatan.com\/wp\/wp-json\/wp\/v2\/comments?post=30504"}],"version-history":[{"count":0,"href":"https:\/\/www.municipiosyucatan.com\/wp\/wp-json\/wp\/v2\/posts\/30504\/revisions"}],"wp:featuredmedia":[{"embeddable":true,"href":"https:\/\/www.municipiosyucatan.com\/wp\/wp-json\/wp\/v2\/media\/30505"}],"wp:attachment":[{"href":"https:\/\/www.municipiosyucatan.com\/wp\/wp-json\/wp\/v2\/media?parent=30504"}],"wp:term":[{"taxonomy":"category","embeddable":true,"href":"https:\/\/www.municipiosyucatan.com\/wp\/wp-json\/wp\/v2\/categories?post=30504"},{"taxonomy":"post_tag","embeddable":true,"href":"https:\/\/www.municipiosyucatan.com\/wp\/wp-json\/wp\/v2\/tags?post=30504"}],"curies":[{"name":"wp","href":"https:\/\/api.w.org\/{rel}","templated":true}]}}