{"id":30562,"date":"2020-07-15T23:05:48","date_gmt":"2020-07-16T04:05:48","guid":{"rendered":"http:\/\/www.municipiosyucatan.com\/wp\/?p=30562"},"modified":"2020-07-15T23:05:48","modified_gmt":"2020-07-16T04:05:48","slug":"hasta-el-2021-los-festejos-del-cristo-negro-de-sitilpech","status":"publish","type":"post","link":"https:\/\/www.municipiosyucatan.com\/wp\/hasta-el-2021-los-festejos-del-cristo-negro-de-sitilpech.html","title":{"rendered":"Hasta el 2021, los festejos del Cristo Negro de Sitilpech"},"content":{"rendered":"<p>Izamal, Yucat\u00e1n, 15 de julio de 2020 (ACOM). \u2013 De continuar las medidas sanitarias de distanciamiento social y la cancelaci\u00f3n de eventos masivos por el COVID 19, los cat\u00f3licos de la comisar\u00eda de Sitilpech no celebrar\u00e1n las festividades Cristo Negro, que se encuentran a casi un mes de la fecha en que comienzan los gremios en honor a la venerada imagen.<\/p>\n<p>Los organizadores indican que no se han reunido con las autoridades del municipio, ni tampoco con las eclesi\u00e1sticas por lo que ya se hacen a la idea de que ser\u00e1 hasta el 2021 cuando se desarrollan las actividades que tradicionalmente son del 26 de agosto al 16 de septiembre, cuando se vuelve a subir la imagen a su nicho.<\/p>\n<p><img loading=\"lazy\" decoding=\"async\" class=\"size-full wp-image-30564 aligncenter\" src=\"https:\/\/www.municipiosyucatan.com\/wp\/wp-content\/uploads\/2020\/07\/IZAMAL_CRISTO-DE-SITILPECH-1-scaled.jpg\" alt=\"\" width=\"663\" height=\"768\" \/><\/p>\n<p>Esta festividad patronal suele ser el punto de retorno de muchos habitantes que trabajan en el estado de Quintana-Roo y que regresan para cumplir con alguna promesa a la imagen del Santo Cristo de Sitilpech.<\/p>\n<p><img loading=\"lazy\" decoding=\"async\" class=\"size-full wp-image-30563 aligncenter\" src=\"https:\/\/www.municipiosyucatan.com\/wp\/wp-content\/uploads\/2020\/07\/IZAMAL_CRISTO-DE-SITILPECH-2.jpg\" alt=\"\" width=\"768\" height=\"576\" srcset=\"https:\/\/www.municipiosyucatan.com\/wp\/wp-content\/uploads\/2020\/07\/IZAMAL_CRISTO-DE-SITILPECH-2.jpg 768w, https:\/\/www.municipiosyucatan.com\/wp\/wp-content\/uploads\/2020\/07\/IZAMAL_CRISTO-DE-SITILPECH-2-80x60.jpg 80w, https:\/\/www.municipiosyucatan.com\/wp\/wp-content\/uploads\/2020\/07\/IZAMAL_CRISTO-DE-SITILPECH-2-265x198.jpg 265w\" sizes=\"auto, (max-width: 768px) 100vw, 768px\" \/><\/p>\n<p>Para estas fechas patronales, las agrupaciones o gremios ofrecen a sus visitantes el sabroso choco lomo o el relleno negro.<\/p>\n","protected":false},"excerpt":{"rendered":"<p>Los festejos tradicionalmente son del 26 de agosto al 16 de septiembre, pero por la pandemia del COVID-19 no se ha organizado nada, por lo que se descartan.<\/p>\n","protected":false},"author":9,"featured_media":30563,"comment_status":"closed","ping_status":"closed","sticky":false,"template":"","format":"standard","meta":{"footnotes":""},"categories":[41,7707],"tags":[8177,7118,7826],"class_list":["post-30562","post","type-post","status-publish","format-standard","has-post-thumbnail","category-izamal","category-yucatan-centro","tag-cristo-negro","tag-izamal","tag-yucatan-centro"],"_links":{"self":[{"href":"https:\/\/www.municipiosyucatan.com\/wp\/wp-json\/wp\/v2\/posts\/30562","targetHints":{"allow":["GET"]}}],"collection":[{"href":"https:\/\/www.municipiosyucatan.com\/wp\/wp-json\/wp\/v2\/posts"}],"about":[{"href":"https:\/\/www.municipiosyucatan.com\/wp\/wp-json\/wp\/v2\/types\/post"}],"author":[{"embeddable":true,"href":"https:\/\/www.municipiosyucatan.com\/wp\/wp-json\/wp\/v2\/users\/9"}],"replies":[{"embeddable":true,"href":"https:\/\/www.municipiosyucatan.com\/wp\/wp-json\/wp\/v2\/comments?post=30562"}],"version-history":[{"count":0,"href":"https:\/\/www.municipiosyucatan.com\/wp\/wp-json\/wp\/v2\/posts\/30562\/revisions"}],"wp:featuredmedia":[{"embeddable":true,"href":"https:\/\/www.municipiosyucatan.com\/wp\/wp-json\/wp\/v2\/media\/30563"}],"wp:attachment":[{"href":"https:\/\/www.municipiosyucatan.com\/wp\/wp-json\/wp\/v2\/media?parent=30562"}],"wp:term":[{"taxonomy":"category","embeddable":true,"href":"https:\/\/www.municipiosyucatan.com\/wp\/wp-json\/wp\/v2\/categories?post=30562"},{"taxonomy":"post_tag","embeddable":true,"href":"https:\/\/www.municipiosyucatan.com\/wp\/wp-json\/wp\/v2\/tags?post=30562"}],"curies":[{"name":"wp","href":"https:\/\/api.w.org\/{rel}","templated":true}]}}