{"id":30771,"date":"2020-08-01T11:28:09","date_gmt":"2020-08-01T16:28:09","guid":{"rendered":"http:\/\/www.municipiosyucatan.com\/wp\/?p=30771"},"modified":"2020-08-01T11:28:09","modified_gmt":"2020-08-01T16:28:09","slug":"polemica-por-unas-rejas-en-el-palacio-municipal-de-izamal","status":"publish","type":"post","link":"https:\/\/www.municipiosyucatan.com\/wp\/polemica-por-unas-rejas-en-el-palacio-municipal-de-izamal.html","title":{"rendered":"Pol\u00e9mica por unas rejas en el palacio municipal de Izamal"},"content":{"rendered":"<p style=\"text-align: justify;\">Izamal, Yucat\u00e1n, 1 de agosto de 2020 (ACOM). \u2013 Autoridades locales colocaron rejas de madera en dos accesos al palacio municipal, a fin de que la \u00fanica entrada al edificio p\u00fablico quede a un lado de la escalinata principal.<\/p>\n<p style=\"text-align: justify;\">Dicha acci\u00f3n se realiz\u00f3 como parte de las medidas sanitarias por la contingencia del COVID-19 para que se pueda controlar la aplicaci\u00f3n de gel antibacterial a los ciudadanos que acuden por cualquier tr\u00e1mite.<\/p>\n<p><img loading=\"lazy\" decoding=\"async\" class=\"wp-image-30772 aligncenter\" src=\"https:\/\/www.municipiosyucatan.com\/wp\/wp-content\/uploads\/2020\/08\/Reja-Izamal.jpg\" alt=\"\" width=\"600\" height=\"338\" \/><\/p>\n<p style=\"text-align: justify;\">Sin embargo, el dise\u00f1o de la reja de madera se aleja por mucho de lo que marca el reglamento de imagen urbana en materia de edificios coloniales del centro hist\u00f3rico.<\/p>\n<p style=\"text-align: justify;\">Falta conocer la opini\u00f3n del Instituto Nacional de Antropolog\u00eda e Historia (INAH) sobre estas acciones que contrastan con la imagen de esta ciudad considerada como uno de los primeros pueblos m\u00e1gicos de M\u00e9xico.<\/p>\n","protected":false},"excerpt":{"rendered":"<p>Las colocaron para controlar los accesos al edificio, pero contrastan con el reglamento de imagen urbana en materia de edificios coloniales del centro hist\u00f3rico.<\/p>\n","protected":false},"author":10,"featured_media":30772,"comment_status":"closed","ping_status":"closed","sticky":false,"template":"","format":"standard","meta":{"footnotes":""},"categories":[41,7707],"tags":[5952,8819,8820],"class_list":["post-30771","post","type-post","status-publish","format-standard","has-post-thumbnail","category-izamal","category-yucatan-centro","tag-palacio-municipal","tag-polemica","tag-rejas"],"_links":{"self":[{"href":"https:\/\/www.municipiosyucatan.com\/wp\/wp-json\/wp\/v2\/posts\/30771","targetHints":{"allow":["GET"]}}],"collection":[{"href":"https:\/\/www.municipiosyucatan.com\/wp\/wp-json\/wp\/v2\/posts"}],"about":[{"href":"https:\/\/www.municipiosyucatan.com\/wp\/wp-json\/wp\/v2\/types\/post"}],"author":[{"embeddable":true,"href":"https:\/\/www.municipiosyucatan.com\/wp\/wp-json\/wp\/v2\/users\/10"}],"replies":[{"embeddable":true,"href":"https:\/\/www.municipiosyucatan.com\/wp\/wp-json\/wp\/v2\/comments?post=30771"}],"version-history":[{"count":0,"href":"https:\/\/www.municipiosyucatan.com\/wp\/wp-json\/wp\/v2\/posts\/30771\/revisions"}],"wp:featuredmedia":[{"embeddable":true,"href":"https:\/\/www.municipiosyucatan.com\/wp\/wp-json\/wp\/v2\/media\/30772"}],"wp:attachment":[{"href":"https:\/\/www.municipiosyucatan.com\/wp\/wp-json\/wp\/v2\/media?parent=30771"}],"wp:term":[{"taxonomy":"category","embeddable":true,"href":"https:\/\/www.municipiosyucatan.com\/wp\/wp-json\/wp\/v2\/categories?post=30771"},{"taxonomy":"post_tag","embeddable":true,"href":"https:\/\/www.municipiosyucatan.com\/wp\/wp-json\/wp\/v2\/tags?post=30771"}],"curies":[{"name":"wp","href":"https:\/\/api.w.org\/{rel}","templated":true}]}}