{"id":38296,"date":"2021-09-02T07:45:32","date_gmt":"2021-09-02T12:45:32","guid":{"rendered":"https:\/\/www.municipiosyucatan.com\/wp\/?p=38296"},"modified":"2021-09-02T07:45:32","modified_gmt":"2021-09-02T12:45:32","slug":"alerta-de-secuestro-de-una-menor-moviliza-agentes-en-valladolid","status":"publish","type":"post","link":"https:\/\/www.municipiosyucatan.com\/wp\/alerta-de-secuestro-de-una-menor-moviliza-agentes-en-valladolid.html","title":{"rendered":"Alerta de secuestro de una menor moviliza agentes en Valladolid"},"content":{"rendered":"<p>Valladolid, Yucat\u00e1n; 2 de septiembre de 2021.<span class=\"error grammar\" title=\"Utilice el car\u00e1cter adecuado de guion largo.\" data-type=\"grammar\" data-suggestions=\"[{&quot;value&quot;:&quot;\u2014&quot;}]\" data-rule=\"GUION_LARGO\" data-word=\"-\">&#8211;<\/span> Elementos de la Polic\u00eda <span class=\"misspelling correction\" title=\"Se ha encontrado un posible error ortogr\u00e1fico.\" data-type=\"misspelling\" data-suggestions=\"[{&quot;value&quot;:&quot;Municipal&quot;}]\" data-rule=\"MORFOLOGIK_RULE_ES\" data-word=\"Municpal\">Municipal<\/span> y de la Secretar\u00eda de Seguridad P\u00fablica acudieron a un llamado, en donde, seg\u00fan se rumoraba entre los vecinos, se trataba del presunto secuestro de una menor en el fraccionamiento San Isidro.<\/p>\n<p><img loading=\"lazy\" decoding=\"async\" class=\"alignnone size-full wp-image-38297\" src=\"https:\/\/www.municipiosyucatan.com\/wp\/wp-content\/uploads\/2021\/09\/IMG-20210901-WA0048.jpg\" alt=\"\" width=\"954\" height=\"836\" srcset=\"https:\/\/www.municipiosyucatan.com\/wp\/wp-content\/uploads\/2021\/09\/IMG-20210901-WA0048.jpg 954w, https:\/\/www.municipiosyucatan.com\/wp\/wp-content\/uploads\/2021\/09\/IMG-20210901-WA0048-768x673.jpg 768w\" sizes=\"auto, (max-width: 954px) 100vw, 954px\" \/><\/p>\n<p>Sin embargo, los uniformados, tras realizar las primeras investigaciones encontraron que se trat\u00f3 de una disputa entre una madre y su suegra, por la custodia de una menor.<\/p>\n<p>Se inform\u00f3 que la ni\u00f1a estaba bajo el resguardo de su padre y de su abuela, cuando la madre de la menor lleg\u00f3 <span class=\"grammar correction\" title=\"Combinaci\u00f3n imposible: preposici\u00f3n seguida de verbo conjugado.\" data-type=\"grammar\" data-suggestions=\"[{&quot;value&quot;:&quot;al domicilio&quot;},{&quot;value&quot;:&quot;al domiciliar&quot;}]\" data-rule=\"PREP_VERB\" data-word=\"al domicilia\">al domicilio<\/span> en la calle 25 entre 30 y 30\u00aa de la mencionada colonia, junto con otros <span class=\"misspelling correction\" title=\"Se ha encontrado un posible error ortogr\u00e1fico.\" data-type=\"misspelling\" data-suggestions=\"[{&quot;value&quot;:&quot;familiares&quot;},{&quot;value&quot;:&quot;familia rea&quot;},{&quot;value&quot;:&quot;familiar ea&quot;}]\" data-rule=\"MORFOLOGIK_RULE_ES\" data-word=\"familiarea\">familiares<\/span>, pidiendo ver a su <span class=\"misspelling correction\" title=\"Se ha encontrado un posible error ortogr\u00e1fico.\" data-type=\"misspelling\" data-suggestions=\"[{&quot;value&quot;:&quot;v\u00e1stago&quot;},{&quot;value&quot;:&quot;v\u00e1stagos&quot;},{&quot;value&quot;:&quot;bastado&quot;},{&quot;value&quot;:&quot;bastaje&quot;},{&quot;value&quot;:&quot;bastalo&quot;},{&quot;value&quot;:&quot;b\u00e1stalo&quot;}]\" data-rule=\"MORFOLOGIK_RULE_ES\" data-word=\"b\u00e1stago\">v\u00e1stago<\/span>.<\/p>\n<p>La mujer tom\u00f3 a su hija y se la llev\u00f3 con destino a Quintana Roo, para ser presentada ante la Fiscal\u00eda General de dicho estado, pues existe una alerta Amber de b\u00fasqueda por la ni\u00f1a.<\/p>\n<p>Agentes de la <span class=\"error misspelling\" title=\"Se ha encontrado un posible error ortogr\u00e1fico.\" data-type=\"misspelling\" data-suggestions=\"[{&quot;value&quot;:&quot;ASP&quot;},{&quot;value&quot;:&quot;ISP&quot;},{&quot;value&quot;:&quot;SEP&quot;},{&quot;value&quot;:&quot;SSD&quot;},{&quot;value&quot;:&quot;SSL&quot;},{&quot;value&quot;:&quot;SAP&quot;},{&quot;value&quot;:&quot;SSH&quot;}]\" data-rule=\"MORFOLOGIK_RULE_ES\" data-word=\"SSP\">SSP<\/span> y <span class=\"misspelling correction\" title=\"Se ha encontrado un posible error ortogr\u00e1fico.\" data-type=\"misspelling\" data-suggestions=\"[{&quot;value&quot;:&quot;polic\u00eda&quot;},{&quot;value&quot;:&quot;policial&quot;},{&quot;value&quot;:&quot;polic\u00edas&quot;},{&quot;value&quot;:&quot;puericia&quot;},{&quot;value&quot;:&quot;Poliny\u00e0&quot;},{&quot;value&quot;:&quot;policiva&quot;}]\" data-rule=\"MORFOLOGIK_RULE_ES\" data-word=\"policia\">polic\u00eda<\/span> municipal atendieron la situaci\u00f3n y se encargaron de trasladar a los involucrados a las instancias correspondientes para los tr\u00e1mites correspondientes.<\/p>\n","protected":false},"excerpt":{"rendered":"<p>Disputa entre una madre y abuela por la custodia de una menor. <\/p>\n","protected":false},"author":1,"featured_media":38297,"comment_status":"closed","ping_status":"closed","sticky":false,"template":"","format":"standard","meta":{"footnotes":""},"categories":[103,7705],"tags":[9394,9392,8669,9393,3246],"class_list":["post-38296","post","type-post","status-publish","format-standard","has-post-thumbnail","category-valladolid","category-yucatan-oriente","tag-custodia","tag-menor-de-edad","tag-nina","tag-secuestro","tag-valladolid-2"],"_links":{"self":[{"href":"https:\/\/www.municipiosyucatan.com\/wp\/wp-json\/wp\/v2\/posts\/38296","targetHints":{"allow":["GET"]}}],"collection":[{"href":"https:\/\/www.municipiosyucatan.com\/wp\/wp-json\/wp\/v2\/posts"}],"about":[{"href":"https:\/\/www.municipiosyucatan.com\/wp\/wp-json\/wp\/v2\/types\/post"}],"author":[{"embeddable":true,"href":"https:\/\/www.municipiosyucatan.com\/wp\/wp-json\/wp\/v2\/users\/1"}],"replies":[{"embeddable":true,"href":"https:\/\/www.municipiosyucatan.com\/wp\/wp-json\/wp\/v2\/comments?post=38296"}],"version-history":[{"count":1,"href":"https:\/\/www.municipiosyucatan.com\/wp\/wp-json\/wp\/v2\/posts\/38296\/revisions"}],"predecessor-version":[{"id":38298,"href":"https:\/\/www.municipiosyucatan.com\/wp\/wp-json\/wp\/v2\/posts\/38296\/revisions\/38298"}],"wp:featuredmedia":[{"embeddable":true,"href":"https:\/\/www.municipiosyucatan.com\/wp\/wp-json\/wp\/v2\/media\/38297"}],"wp:attachment":[{"href":"https:\/\/www.municipiosyucatan.com\/wp\/wp-json\/wp\/v2\/media?parent=38296"}],"wp:term":[{"taxonomy":"category","embeddable":true,"href":"https:\/\/www.municipiosyucatan.com\/wp\/wp-json\/wp\/v2\/categories?post=38296"},{"taxonomy":"post_tag","embeddable":true,"href":"https:\/\/www.municipiosyucatan.com\/wp\/wp-json\/wp\/v2\/tags?post=38296"}],"curies":[{"name":"wp","href":"https:\/\/api.w.org\/{rel}","templated":true}]}}