{"id":39884,"date":"2021-10-19T12:33:45","date_gmt":"2021-10-19T17:33:45","guid":{"rendered":"https:\/\/www.municipiosyucatan.com\/wp\/?p=39884"},"modified":"2021-10-19T12:33:45","modified_gmt":"2021-10-19T17:33:45","slug":"mujeres-de-timucuy-hacen-conciencia-sobre-el-cancer-de-mama","status":"publish","type":"post","link":"https:\/\/www.municipiosyucatan.com\/wp\/mujeres-de-timucuy-hacen-conciencia-sobre-el-cancer-de-mama.html","title":{"rendered":"Mujeres de Timucuy hacen conciencia sobre el c\u00e1ncer de mama"},"content":{"rendered":"<p><span class=\"error misspelling\" title=\"Se ha encontrado un posible error ortogr\u00e1fico.\" data-type=\"misspelling\" data-suggestions=\"[{&quot;value&quot;:&quot;Tirupur&quot;},{&quot;value&quot;:&quot;Ticuco&quot;},{&quot;value&quot;:&quot;Ticucos&quot;},{&quot;value&quot;:&quot;Tijuca&quot;},{&quot;value&quot;:&quot;Tijucas&quot;},{&quot;value&quot;:&quot;Timur\u00ed&quot;},{&quot;value&quot;:&quot;Timur\u00eds&quot;}]\" data-rule=\"MORFOLOGIK_RULE_ES\" data-word=\"Timucuy\">Timucuy<\/span>, Yucat\u00e1n, 19 de octubre de 2021 (<span class=\"error misspelling\" title=\"Se ha encontrado un posible error ortogr\u00e1fico.\" data-type=\"misspelling\" data-suggestions=\"[{&quot;value&quot;:&quot;ACO&quot;},{&quot;value&quot;:&quot;ACOMA&quot;},{&quot;value&quot;:&quot;ACOS&quot;},{&quot;value&quot;:&quot;WACOM&quot;}]\" data-rule=\"MORFOLOGIK_RULE_ES\" data-word=\"ACOM\">ACOM<\/span>).<span class=\"error grammar\" title=\"Utilice el car\u00e1cter adecuado de guion largo.\" data-type=\"grammar\" data-suggestions=\"[{&quot;value&quot;:&quot;\u2014&quot;}]\" data-rule=\"GUION_LARGO\" data-word=\"-\">&#8211;<\/span> Est\u00e1 ma\u00f1ana en varios puntos del estado y el mundo se conmemor\u00f3 el d\u00eda mundial contra el c\u00e1ncer.<\/p>\n<p><img loading=\"lazy\" decoding=\"async\" class=\"alignnone size-full wp-image-39885\" src=\"https:\/\/www.municipiosyucatan.com\/wp\/wp-content\/uploads\/2021\/10\/FB_IMG_1634662874088.jpg\" alt=\"\" width=\"756\" height=\"504\" \/><\/p>\n<p>En el municipio de <span class=\"error misspelling\" title=\"Se ha encontrado un posible error ortogr\u00e1fico.\" data-type=\"misspelling\" data-suggestions=\"[{&quot;value&quot;:&quot;Tirupur&quot;},{&quot;value&quot;:&quot;Ticuco&quot;},{&quot;value&quot;:&quot;Ticucos&quot;},{&quot;value&quot;:&quot;Tijuca&quot;},{&quot;value&quot;:&quot;Tijucas&quot;},{&quot;value&quot;:&quot;Timur\u00ed&quot;},{&quot;value&quot;:&quot;Timur\u00eds&quot;}]\" data-rule=\"MORFOLOGIK_RULE_ES\" data-word=\"Timucuy\">Timucuy<\/span> no fue la excepci\u00f3n, ya que en coordinaci\u00f3n con las autoridades locales y el IMSS bienestar se conmemor\u00f3 el D\u00eda de la Lucha Contra el C\u00e1ncer con la participaci\u00f3n de mujeres oriundas del lugar, quienes portaron listones rosas, entre las cuales destacaron mujeres mestizas <span class=\"error grammar\" title=\"Se escribe junto.\" data-type=\"grammar\" data-suggestions=\"[{&quot;value&quot;:&quot;mayahablantes&quot;}]\" data-rule=\"NO_SEPARADO\" data-word=\"maya hablantes\">maya hablantes<\/span>.<\/p>\n<p><img loading=\"lazy\" decoding=\"async\" class=\"alignnone size-full wp-image-39886\" src=\"https:\/\/www.municipiosyucatan.com\/wp\/wp-content\/uploads\/2021\/10\/FB_IMG_1634662882386.jpg\" alt=\"\" width=\"756\" height=\"504\" \/><\/p>\n<p>Con un peque\u00f1o recorrido por la avenida principal, con la tem\u00e1tica referente al <span class=\"error grammar\" title=\"Use comillas tipogr\u00e1ficas.\" data-type=\"grammar\" data-suggestions=\"[{&quot;value&quot;:&quot;\u201c&quot;},{&quot;value&quot;:&quot;\u00ab&quot;}]\" data-rule=\"COMILLAS_TIPOGRAFICAS\" data-word=\"&quot;\">\u00ab<\/span>mes de la lucha contra el <span class=\"misspelling correction\" title=\"Se ha encontrado un posible error ortogr\u00e1fico.\" data-type=\"misspelling\" data-suggestions=\"[{&quot;value&quot;:&quot;c\u00e1ncer&quot;},{&quot;value&quot;:&quot;canse&quot;},{&quot;value&quot;:&quot;cansen&quot;},{&quot;value&quot;:&quot;canses&quot;},{&quot;value&quot;:&quot;C\u00e0rcer&quot;},{&quot;value&quot;:&quot;C\u00e1rcer&quot;},{&quot;value&quot;:&quot;cancel&quot;}]\" data-rule=\"MORFOLOGIK_RULE_ES\" data-word=\"cancer\">c\u00e1ncer<\/span> de Mama<span class=\"error grammar\" title=\"Use comillas tipogr\u00e1ficas.\" data-type=\"grammar\" data-suggestions=\"[{&quot;value&quot;:&quot;\u201d&quot;},{&quot;value&quot;:&quot;\u00bb&quot;}]\" data-rule=\"COMILLAS_TIPOGRAFICAS\" data-word=\"&quot;\">\u00ab<\/span> fue como <span class=\"grammar correction\" title=\"Seg\u00fan las normas ortogr\u00e1ficas actuales, los monos\u00edlabos no llevan tilde.\" data-type=\"grammar\" data-suggestions=\"[{&quot;value&quot;:&quot;dio&quot;}]\" data-rule=\"MONOSILABOS\" data-word=\"di\u00f3\">dio<\/span> inicio la jornada de conciencia y reflexi\u00f3n.<\/p>\n<p><img loading=\"lazy\" decoding=\"async\" class=\"alignnone size-full wp-image-39887\" src=\"https:\/\/www.municipiosyucatan.com\/wp\/wp-content\/uploads\/2021\/10\/FB_IMG_1634662890401.jpg\" alt=\"\" width=\"756\" height=\"402\" \/><\/p>\n<p>El objetivo de esta jornada fue de formar conciencia en las familias, para prevenir y detectar a tiempo este problema de salud en las mujeres.<\/p>\n<p>Al t\u00e9rmino del recorrido que se visti\u00f3 con globos rosas y pancartas, posteriormente se llev\u00f3 a cabo una pl\u00e1tica extensa donde se <span class=\"misspelling correction\" title=\"Se ha encontrado un posible error ortogr\u00e1fico.\" data-type=\"misspelling\" data-suggestions=\"[{&quot;value&quot;:&quot;cont\u00f3&quot;},{&quot;value&quot;:&quot;cuento&quot;},{&quot;value&quot;:&quot;cuenta&quot;},{&quot;value&quot;:&quot;canto&quot;},{&quot;value&quot;:&quot;corto&quot;},{&quot;value&quot;:&quot;costo&quot;},{&quot;value&quot;:&quot;cuentos&quot;}]\" data-rule=\"MORFOLOGIK_RULE_ES\" data-word=\"conto\">cont\u00f3<\/span> con la participaci\u00f3n del Dr. <span class=\"misspelling correction\" title=\"Se ha encontrado un posible error ortogr\u00e1fico.\" data-type=\"misspelling\" data-suggestions=\"[{&quot;value&quot;:&quot;Juli\u00e1n&quot;},{&quot;value&quot;:&quot;Julia&quot;},{&quot;value&quot;:&quot;Juliano&quot;},{&quot;value&quot;:&quot;Juliana&quot;},{&quot;value&quot;:&quot;Pul\u00edan&quot;},{&quot;value&quot;:&quot;Julias&quot;}]\" data-rule=\"MORFOLOGIK_RULE_ES\" data-word=\"Julian\">Juli\u00e1n<\/span> G\u00f3mez y la Dra. Adriana \u00c1vila, quienes son expertos en el tema de <span class=\"misspelling correction\" title=\"Se ha encontrado un posible error ortogr\u00e1fico.\" data-type=\"misspelling\" data-suggestions=\"[{&quot;value&quot;:&quot;c\u00e1ncer&quot;},{&quot;value&quot;:&quot;canse&quot;},{&quot;value&quot;:&quot;cansen&quot;},{&quot;value&quot;:&quot;canses&quot;},{&quot;value&quot;:&quot;C\u00e0rcer&quot;},{&quot;value&quot;:&quot;C\u00e1rcer&quot;},{&quot;value&quot;:&quot;cancel&quot;}]\" data-rule=\"MORFOLOGIK_RULE_ES\" data-word=\"cancer\">c\u00e1ncer<\/span> de mama.<\/p>\n","protected":false},"excerpt":{"rendered":"<p>Realizaron una marcha y participaron en pl\u00e1ticas informativas para prevenir y atender la enfermedad <\/p>\n","protected":false},"author":1,"featured_media":39887,"comment_status":"closed","ping_status":"closed","sticky":false,"template":"","format":"standard","meta":{"footnotes":""},"categories":[91,7707],"tags":[8048,497,8196,3421,7148],"class_list":["post-39884","post","type-post","status-publish","format-standard","has-post-thumbnail","category-timucuy","category-yucatan-centro","tag-cancer","tag-cancer-de-mama","tag-lucha-contra-el-cancer","tag-mujeres","tag-timucuy"],"_links":{"self":[{"href":"https:\/\/www.municipiosyucatan.com\/wp\/wp-json\/wp\/v2\/posts\/39884","targetHints":{"allow":["GET"]}}],"collection":[{"href":"https:\/\/www.municipiosyucatan.com\/wp\/wp-json\/wp\/v2\/posts"}],"about":[{"href":"https:\/\/www.municipiosyucatan.com\/wp\/wp-json\/wp\/v2\/types\/post"}],"author":[{"embeddable":true,"href":"https:\/\/www.municipiosyucatan.com\/wp\/wp-json\/wp\/v2\/users\/1"}],"replies":[{"embeddable":true,"href":"https:\/\/www.municipiosyucatan.com\/wp\/wp-json\/wp\/v2\/comments?post=39884"}],"version-history":[{"count":1,"href":"https:\/\/www.municipiosyucatan.com\/wp\/wp-json\/wp\/v2\/posts\/39884\/revisions"}],"predecessor-version":[{"id":39888,"href":"https:\/\/www.municipiosyucatan.com\/wp\/wp-json\/wp\/v2\/posts\/39884\/revisions\/39888"}],"wp:featuredmedia":[{"embeddable":true,"href":"https:\/\/www.municipiosyucatan.com\/wp\/wp-json\/wp\/v2\/media\/39887"}],"wp:attachment":[{"href":"https:\/\/www.municipiosyucatan.com\/wp\/wp-json\/wp\/v2\/media?parent=39884"}],"wp:term":[{"taxonomy":"category","embeddable":true,"href":"https:\/\/www.municipiosyucatan.com\/wp\/wp-json\/wp\/v2\/categories?post=39884"},{"taxonomy":"post_tag","embeddable":true,"href":"https:\/\/www.municipiosyucatan.com\/wp\/wp-json\/wp\/v2\/tags?post=39884"}],"curies":[{"name":"wp","href":"https:\/\/api.w.org\/{rel}","templated":true}]}}