{"id":40331,"date":"2021-11-02T21:10:51","date_gmt":"2021-11-03T03:10:51","guid":{"rendered":"https:\/\/www.municipiosyucatan.com\/wp\/?p=40331"},"modified":"2021-11-02T21:10:51","modified_gmt":"2021-11-03T03:10:51","slug":"misa-en-honor-a-los-fieles-difuntos-en-acanceh","status":"publish","type":"post","link":"https:\/\/www.municipiosyucatan.com\/wp\/misa-en-honor-a-los-fieles-difuntos-en-acanceh.html","title":{"rendered":"Misa en honor a los fieles difuntos en Acanceh"},"content":{"rendered":"<p style=\"text-align: justify;\"><span class=\"error misspelling\" title=\"Se ha encontrado un posible error ortogr\u00e1fico.\" data-type=\"misspelling\" data-suggestions=\"[{&quot;value&quot;:&quot;Acanche&quot;}]\" data-rule=\"MORFOLOGIK_RULE_ES\" data-word=\"Acanceh\">Acanceh<\/span>, Yucat\u00e1n, 2 de noviembre de 2021 (<span class=\"error misspelling\" title=\"Se ha encontrado un posible error ortogr\u00e1fico.\" data-type=\"misspelling\" data-suggestions=\"[{&quot;value&quot;:&quot;ACO&quot;},{&quot;value&quot;:&quot;ACOMA&quot;},{&quot;value&quot;:&quot;ACOS&quot;},{&quot;value&quot;:&quot;WACOM&quot;}]\" data-rule=\"MORFOLOGIK_RULE_ES\" data-word=\"ACOM\">ACOM<\/span>).<span class=\"error grammar\" title=\"Utilice el car\u00e1cter adecuado de guion largo.\" data-type=\"grammar\" data-suggestions=\"[{&quot;value&quot;:&quot;\u2014&quot;}]\" data-rule=\"GUION_LARGO\" data-word=\"-\">&#8211;<\/span> Esta noche se llev\u00f3 a cabo en la parroquia de la Natividad de <span class=\"error misspelling\" title=\"Se ha encontrado un posible error ortogr\u00e1fico.\" data-type=\"misspelling\" data-suggestions=\"[{&quot;value&quot;:&quot;Acanche&quot;}]\" data-rule=\"MORFOLOGIK_RULE_ES\" data-word=\"Acanceh\">Acanceh<\/span> la celebraci\u00f3n <span class=\"misspelling correction\" title=\"Se ha encontrado un posible error ortogr\u00e1fico.\" data-type=\"misspelling\" data-suggestions=\"[{&quot;value&quot;:&quot;eucar\u00edstica&quot;},{&quot;value&quot;:&quot;eucarist\u00eda&quot;},{&quot;value&quot;:&quot;eucar\u00edstico&quot;},{&quot;value&quot;:&quot;eucar\u00edsticas&quot;},{&quot;value&quot;:&quot;eucari\u00f3tica&quot;}]\" data-rule=\"MORFOLOGIK_RULE_ES\" data-word=\"eucarist\u00edca\">eucar\u00edstica<\/span> en recuerdo de los fieles difuntos. Misa que tuvo lugar en la cancha de la iglesia local, en horarios de ocho de la ma\u00f1ana y siete de la noche.<\/p>\n<p><img loading=\"lazy\" decoding=\"async\" class=\"alignnone size-full wp-image-40332\" src=\"https:\/\/www.municipiosyucatan.com\/wp\/wp-content\/uploads\/2021\/11\/PicsArt_11-02-07.58.44.png\" alt=\"\" width=\"756\" height=\"547\" \/><\/p>\n<p style=\"text-align: justify;\">El p\u00e1rroco Arm\u00edn Rivero Castillo, fue quien presidi\u00f3 la eucarist\u00eda que convoc\u00f3 a los feligreses que llevaron con ellos veladoras y flores, los cuales fueron bendecidos por el sacerdote, es con el fin de que luego de la misa o al d\u00eda siguiente fueran llevados al cementerio para iluminar el camino de los que se adelantaron en el camino de la vida.<\/p>\n<p><img loading=\"lazy\" decoding=\"async\" class=\"alignnone size-full wp-image-40333\" src=\"https:\/\/www.municipiosyucatan.com\/wp\/wp-content\/uploads\/2021\/11\/PicsArt_11-02-07.59.02.png\" alt=\"\" width=\"756\" height=\"488\" \/><\/p>\n<p style=\"text-align: justify;\">El sacerdote encargado de esta parroquia durante su serm\u00f3n, llam\u00f3 a los presentes a no tener miedo de la muerte, sino en cambio a esperar en Dios sobre la vida eterna, adem\u00e1s que realiz\u00f3 puntuaciones <span class=\"misspelling correction\" title=\"Se ha encontrado un posible error ortogr\u00e1fico.\" data-type=\"misspelling\" data-suggestions=\"[{&quot;value&quot;:&quot;catequ\u00edsticas&quot;},{&quot;value&quot;:&quot;catequ\u00edstica&quot;},{&quot;value&quot;:&quot;catequ\u00edsticos&quot;}]\" data-rule=\"MORFOLOGIK_RULE_ES\" data-word=\"catequisticas\">catequ\u00edsticas<\/span> acerca de la visi\u00f3n que la iglesia tiene sobre la muerte.<\/p>\n<p><img loading=\"lazy\" decoding=\"async\" class=\"alignnone size-full wp-image-40334\" src=\"https:\/\/www.municipiosyucatan.com\/wp\/wp-content\/uploads\/2021\/11\/Screenshot_20211102-1911272.png\" alt=\"\" width=\"756\" height=\"473\" \/><\/p>\n<p style=\"text-align: justify;\">La celebraci\u00f3n fue ofrecida por todos los difuntos de las familias de <span class=\"error misspelling\" title=\"Se ha encontrado un posible error ortogr\u00e1fico.\" data-type=\"misspelling\" data-suggestions=\"[{&quot;value&quot;:&quot;Acanche&quot;}]\" data-rule=\"MORFOLOGIK_RULE_ES\" data-word=\"Acanceh\">Acanceh<\/span>, en especial por los familiares de los presentes a quienes se les realiz\u00f3 una oraci\u00f3n especial, los cuales antes de la celebraci\u00f3n depositaron en una caja los nombres de sus familiares.<\/p>\n","protected":false},"excerpt":{"rendered":"<p>El p\u00e1rroco Arm\u00edn Rivero Castillo bendijo flores y veladoras para que sean puestas en los cementerios y gu\u00eden el camino de las \u00e1nimas <\/p>\n","protected":false},"author":1,"featured_media":40332,"comment_status":"closed","ping_status":"closed","sticky":false,"template":"","format":"standard","meta":{"footnotes":""},"categories":[4,7707],"tags":[7099,9682,9378,8077],"class_list":["post-40331","post","type-post","status-publish","format-standard","has-post-thumbnail","category-acanceh","category-yucatan-centro","tag-acanceh","tag-fieles-difuntos","tag-iglesia","tag-misa"],"_links":{"self":[{"href":"https:\/\/www.municipiosyucatan.com\/wp\/wp-json\/wp\/v2\/posts\/40331","targetHints":{"allow":["GET"]}}],"collection":[{"href":"https:\/\/www.municipiosyucatan.com\/wp\/wp-json\/wp\/v2\/posts"}],"about":[{"href":"https:\/\/www.municipiosyucatan.com\/wp\/wp-json\/wp\/v2\/types\/post"}],"author":[{"embeddable":true,"href":"https:\/\/www.municipiosyucatan.com\/wp\/wp-json\/wp\/v2\/users\/1"}],"replies":[{"embeddable":true,"href":"https:\/\/www.municipiosyucatan.com\/wp\/wp-json\/wp\/v2\/comments?post=40331"}],"version-history":[{"count":1,"href":"https:\/\/www.municipiosyucatan.com\/wp\/wp-json\/wp\/v2\/posts\/40331\/revisions"}],"predecessor-version":[{"id":40335,"href":"https:\/\/www.municipiosyucatan.com\/wp\/wp-json\/wp\/v2\/posts\/40331\/revisions\/40335"}],"wp:featuredmedia":[{"embeddable":true,"href":"https:\/\/www.municipiosyucatan.com\/wp\/wp-json\/wp\/v2\/media\/40332"}],"wp:attachment":[{"href":"https:\/\/www.municipiosyucatan.com\/wp\/wp-json\/wp\/v2\/media?parent=40331"}],"wp:term":[{"taxonomy":"category","embeddable":true,"href":"https:\/\/www.municipiosyucatan.com\/wp\/wp-json\/wp\/v2\/categories?post=40331"},{"taxonomy":"post_tag","embeddable":true,"href":"https:\/\/www.municipiosyucatan.com\/wp\/wp-json\/wp\/v2\/tags?post=40331"}],"curies":[{"name":"wp","href":"https:\/\/api.w.org\/{rel}","templated":true}]}}