{"id":41456,"date":"2021-12-08T11:53:12","date_gmt":"2021-12-08T17:53:12","guid":{"rendered":"https:\/\/www.municipiosyucatan.com\/wp\/?p=41456"},"modified":"2021-12-08T11:53:12","modified_gmt":"2021-12-08T17:53:12","slug":"realizan-simulacro-de-incendio-en-el-tecnologico-de-valladolid","status":"publish","type":"post","link":"https:\/\/www.municipiosyucatan.com\/wp\/realizan-simulacro-de-incendio-en-el-tecnologico-de-valladolid.html","title":{"rendered":"Realizan simulacro de incendio en el Tecnol\u00f3gico de Valladolid"},"content":{"rendered":"<p style=\"text-align: justify;\">Valladolid, Yucat\u00e1n, 8 de diciembre de 2021 (<span class=\"error misspelling\" title=\"Se ha encontrado un posible error ortogr\u00e1fico.\" data-type=\"misspelling\" data-suggestions=\"[{&quot;value&quot;:&quot;ACO&quot;},{&quot;value&quot;:&quot;ACOMA&quot;},{&quot;value&quot;:&quot;ACOS&quot;},{&quot;value&quot;:&quot;WACOM&quot;}]\" data-rule=\"MORFOLOGIK_RULE_ES\" data-word=\"ACOM\">ACOM<\/span>).-Alumnos, maestros y personal administrativo del Tecnol\u00f3gico de Valladolid fueron evacuados de sus \u00e1reas de trabajo tras registrarse \u201cun incendio\u201d en el cuarto de mantenimiento.<\/p>\n<p><img loading=\"lazy\" decoding=\"async\" class=\"alignnone size-full wp-image-41457\" src=\"https:\/\/www.municipiosyucatan.com\/wp\/wp-content\/uploads\/2021\/12\/FB_IMG_1638980726725.jpg\" alt=\"\" width=\"756\" height=\"354\" \/><\/p>\n<p style=\"text-align: justify;\">Se trat\u00f3 de un simulacro de incendio que se realiz\u00f3 en el plantel con fin de que el personal y la comunidad estudiantil sepan <span class=\"grammar correction\" title=\"Si equivale a \u2018qu\u00e9 cosa\u2019, se escribe con tilde.\" data-type=\"grammar\" data-suggestions=\"[{&quot;value&quot;:&quot;qu\u00e9&quot;}]\" data-rule=\"QUE\" data-word=\"que\">qu\u00e9<\/span> hacer en caso de registrarse un evento similar.<\/p>\n<p style=\"text-align: justify;\">La hip\u00f3tesis fue un conato de incendio en el cuarto de mantenimiento <span class=\"grammar correction\" title=\"Combinaci\u00f3n imposible: preposici\u00f3n seguida de verbo conjugado.\" data-type=\"grammar\" data-suggestions=\"[{&quot;value&quot;:&quot;del edificio&quot;},{&quot;value&quot;:&quot;del ed\u00e1fico&quot;},{&quot;value&quot;:&quot;del ed\u00edpico&quot;}]\" data-rule=\"PREP_VERB\" data-word=\"del edifico\">del edificio<\/span> \u201cH\u201d del \u00e1rea de ba\u00f1os del Instituto Tecnol\u00f3gico Superior de Valladolid, donde se cont\u00f3 con la participaci\u00f3n de la comunidad tecnol\u00f3gica, bajo la evaluaci\u00f3n de la unidad de protecci\u00f3n civil municipal.<\/p>\n<p><img loading=\"lazy\" decoding=\"async\" class=\"alignnone size-full wp-image-41458\" src=\"https:\/\/www.municipiosyucatan.com\/wp\/wp-content\/uploads\/2021\/12\/FB_IMG_1638980732693.jpg\" alt=\"\" width=\"756\" height=\"367\" \/><\/p>\n<p style=\"text-align: justify;\">Tras sonar la alarma de alerta miento, el <span class=\"error misspelling\" title=\"Se ha encontrado un posible error ortogr\u00e1fico.\" data-type=\"misspelling\" data-suggestions=\"[{&quot;value&quot;:&quot;Otro&quot;},{&quot;value&quot;:&quot;Metro&quot;},{&quot;value&quot;:&quot;Muro&quot;},{&quot;value&quot;:&quot;Mero&quot;},{&quot;value&quot;:&quot;Mir\u00f3&quot;},{&quot;value&quot;:&quot;Miro&quot;},{&quot;value&quot;:&quot;Mor\u00f3&quot;}]\" data-rule=\"MORFOLOGIK_RULE_ES\" data-word=\"Mtro\">Mtro<\/span>. <span class=\"error misspelling\" title=\"Se ha encontrado un posible error ortogr\u00e1fico.\" data-type=\"misspelling\" data-suggestions=\"[{&quot;value&quot;:&quot;Gilbert&quot;}]\" data-rule=\"MORFOLOGIK_RULE_ES\" data-word=\"Wilbert\">Wilbert<\/span> de Jes\u00fas <span class=\"error misspelling\" title=\"Se ha encontrado un posible error ortogr\u00e1fico.\" data-type=\"misspelling\" data-suggestions=\"[{&quot;value&quot;:&quot;Orej\u00f3n&quot;},{&quot;value&quot;:&quot;Oreg\u00f3n&quot;}]\" data-rule=\"MORFOLOGIK_RULE_ES\" data-word=\"Orteg\u00f3n\">Orteg\u00f3n<\/span> L\u00f3pez, Director General del <span class=\"error misspelling\" title=\"Se ha encontrado un posible error ortogr\u00e1fico.\" data-type=\"misspelling\" data-suggestions=\"[{&quot;value&quot;:&quot;ISLA&quot;},{&quot;value&quot;:&quot;INSTA&quot;},{&quot;value&quot;:&quot;ISA&quot;},{&quot;value&quot;:&quot;ITERA&quot;},{&quot;value&quot;:&quot;\u00cdTALA&quot;},{&quot;value&quot;:&quot;ITV&quot;},{&quot;value&quot;:&quot;IVA&quot;}]\" data-rule=\"MORFOLOGIK_RULE_ES\" data-word=\"ITSVA\">ITSVA<\/span> y responsable de la Unidad de Protecci\u00f3n Civil Interna (<span class=\"error misspelling\" title=\"Se ha encontrado un posible error ortogr\u00e1fico.\" data-type=\"misspelling\" data-suggestions=\"[{&quot;value&quot;:&quot;UCI&quot;},{&quot;value&quot;:&quot;UPC&quot;},{&quot;value&quot;:&quot;UNC\u00cd&quot;}]\" data-rule=\"MORFOLOGIK_RULE_ES\" data-word=\"UPCI\">UPCI<\/span>) autoriz\u00f3 la implementaci\u00f3n del Plan de Emergencia contra Incendios y la participaci\u00f3n de las Brigadas del <span class=\"error misspelling\" title=\"Se ha encontrado un posible error ortogr\u00e1fico.\" data-type=\"misspelling\" data-suggestions=\"[{&quot;value&quot;:&quot;ISLA&quot;},{&quot;value&quot;:&quot;INSTA&quot;},{&quot;value&quot;:&quot;ISA&quot;},{&quot;value&quot;:&quot;ITERA&quot;},{&quot;value&quot;:&quot;\u00cdTALA&quot;},{&quot;value&quot;:&quot;ITV&quot;},{&quot;value&quot;:&quot;IVA&quot;}]\" data-rule=\"MORFOLOGIK_RULE_ES\" data-word=\"ITSVA\">ITSVA<\/span> (Evacuaci\u00f3n, Primeros Auxilios, B\u00fasqueda y Rescate, Combate contra Incendios y Comunicaci\u00f3n).<\/p>\n<p><img loading=\"lazy\" decoding=\"async\" class=\"alignnone size-full wp-image-41459\" src=\"https:\/\/www.municipiosyucatan.com\/wp\/wp-content\/uploads\/2021\/12\/FB_IMG_1638980742378.jpg\" alt=\"\" width=\"756\" height=\"351\" \/><\/p>\n<p style=\"text-align: justify;\">La evacuaci\u00f3n total fue con un tiempo no mayor de cinco minutos evacuando a 299 personas del instituto y 10 externas; se simul\u00f3 el disparo de un extintor y se acordon\u00f3 el \u00e1rea de afectaci\u00f3n.<\/p>\n<p><img loading=\"lazy\" decoding=\"async\" class=\"alignnone size-full wp-image-41460\" src=\"https:\/\/www.municipiosyucatan.com\/wp\/wp-content\/uploads\/2021\/12\/FB_IMG_1638980746143.jpg\" alt=\"\" width=\"756\" height=\"298\" \/><\/p>\n<p style=\"text-align: justify;\">Al finalizar el ejercicio se dio una retroalimentaci\u00f3n a los brigadistas por parte de la Unidad Municipal de Protecci\u00f3n Civil, encabezado por su director Severo Palacios Hern\u00e1ndez, quien felicit\u00f3 a toda la comunidad por las buenas pr\u00e1cticas.<\/p>\n<p><img loading=\"lazy\" decoding=\"async\" class=\"alignnone size-full wp-image-41461\" src=\"https:\/\/www.municipiosyucatan.com\/wp\/wp-content\/uploads\/2021\/12\/FB_IMG_1638980756437.jpg\" alt=\"\" width=\"756\" height=\"382\" \/><\/p>\n<p style=\"text-align: justify;\">El <span class=\"error misspelling\" title=\"Se ha encontrado un posible error ortogr\u00e1fico.\" data-type=\"misspelling\" data-suggestions=\"[{&quot;value&quot;:&quot;Otro&quot;},{&quot;value&quot;:&quot;Metro&quot;},{&quot;value&quot;:&quot;Muro&quot;},{&quot;value&quot;:&quot;Mero&quot;},{&quot;value&quot;:&quot;Mir\u00f3&quot;},{&quot;value&quot;:&quot;Miro&quot;},{&quot;value&quot;:&quot;Mor\u00f3&quot;}]\" data-rule=\"MORFOLOGIK_RULE_ES\" data-word=\"Mtro\">Mtro<\/span>. <span class=\"error misspelling\" title=\"Se ha encontrado un posible error ortogr\u00e1fico.\" data-type=\"misspelling\" data-suggestions=\"[{&quot;value&quot;:&quot;Gilbert&quot;}]\" data-rule=\"MORFOLOGIK_RULE_ES\" data-word=\"Wilbert\">Wilbert<\/span> de Jes\u00fas <span class=\"error misspelling\" title=\"Se ha encontrado un posible error ortogr\u00e1fico.\" data-type=\"misspelling\" data-suggestions=\"[{&quot;value&quot;:&quot;Orej\u00f3n&quot;},{&quot;value&quot;:&quot;Oreg\u00f3n&quot;}]\" data-rule=\"MORFOLOGIK_RULE_ES\" data-word=\"Orteg\u00f3n\">Orteg\u00f3n<\/span> L\u00f3pez, Director General del <span class=\"error misspelling\" title=\"Se ha encontrado un posible error ortogr\u00e1fico.\" data-type=\"misspelling\" data-suggestions=\"[{&quot;value&quot;:&quot;ISLA&quot;},{&quot;value&quot;:&quot;INSTA&quot;},{&quot;value&quot;:&quot;ISA&quot;},{&quot;value&quot;:&quot;ITERA&quot;},{&quot;value&quot;:&quot;\u00cdTALA&quot;},{&quot;value&quot;:&quot;ITV&quot;},{&quot;value&quot;:&quot;IVA&quot;}]\" data-rule=\"MORFOLOGIK_RULE_ES\" data-word=\"ITSVA\">ITSVA<\/span> agradeci\u00f3 a toda la comunidad la buena disposici\u00f3n para realizar este simulacro y cumplir de manera ordenada con los protocolos establecidos.\u00a0 Con esto se le da respuesta a la norma ISO 14001:2018 y 45001:2018 del Sistema de Gesti\u00f3n Ambiental.<\/p>\n","protected":false},"excerpt":{"rendered":"<p>Valladolid, Yucat\u00e1n, 8 de diciembre de 2021 (ACOM).-Alumnos, maestros y personal administrativo del Tecnol\u00f3gico de Valladolid fueron evacuados de sus \u00e1reas de trabajo tras registrarse \u201cun incendio\u201d en el cuarto de mantenimiento. Se trat\u00f3 de un simulacro de incendio que se realiz\u00f3 en el plantel con fin de que el personal y la comunidad estudiantil [&hellip;]<\/p>\n","protected":false},"author":1,"featured_media":41460,"comment_status":"closed","ping_status":"closed","sticky":false,"template":"","format":"standard","meta":{"footnotes":""},"categories":[103,7705],"tags":[4174,10094,3511,3246],"class_list":["post-41456","post","type-post","status-publish","format-standard","has-post-thumbnail","category-valladolid","category-yucatan-oriente","tag-incendio","tag-realizan-simulacro-de-incendio-en-el-tecnologico-de-valladolid","tag-simulacro","tag-valladolid-2"],"_links":{"self":[{"href":"https:\/\/www.municipiosyucatan.com\/wp\/wp-json\/wp\/v2\/posts\/41456","targetHints":{"allow":["GET"]}}],"collection":[{"href":"https:\/\/www.municipiosyucatan.com\/wp\/wp-json\/wp\/v2\/posts"}],"about":[{"href":"https:\/\/www.municipiosyucatan.com\/wp\/wp-json\/wp\/v2\/types\/post"}],"author":[{"embeddable":true,"href":"https:\/\/www.municipiosyucatan.com\/wp\/wp-json\/wp\/v2\/users\/1"}],"replies":[{"embeddable":true,"href":"https:\/\/www.municipiosyucatan.com\/wp\/wp-json\/wp\/v2\/comments?post=41456"}],"version-history":[{"count":1,"href":"https:\/\/www.municipiosyucatan.com\/wp\/wp-json\/wp\/v2\/posts\/41456\/revisions"}],"predecessor-version":[{"id":41462,"href":"https:\/\/www.municipiosyucatan.com\/wp\/wp-json\/wp\/v2\/posts\/41456\/revisions\/41462"}],"wp:featuredmedia":[{"embeddable":true,"href":"https:\/\/www.municipiosyucatan.com\/wp\/wp-json\/wp\/v2\/media\/41460"}],"wp:attachment":[{"href":"https:\/\/www.municipiosyucatan.com\/wp\/wp-json\/wp\/v2\/media?parent=41456"}],"wp:term":[{"taxonomy":"category","embeddable":true,"href":"https:\/\/www.municipiosyucatan.com\/wp\/wp-json\/wp\/v2\/categories?post=41456"},{"taxonomy":"post_tag","embeddable":true,"href":"https:\/\/www.municipiosyucatan.com\/wp\/wp-json\/wp\/v2\/tags?post=41456"}],"curies":[{"name":"wp","href":"https:\/\/api.w.org\/{rel}","templated":true}]}}