{"id":41834,"date":"2022-01-04T08:07:07","date_gmt":"2022-01-04T14:07:07","guid":{"rendered":"https:\/\/www.municipiosyucatan.com\/wp\/?p=41834"},"modified":"2022-01-04T08:07:07","modified_gmt":"2022-01-04T14:07:07","slug":"fiesta-acaba-en-tragedia-hombre-muere-por-cornada-de-toro","status":"publish","type":"post","link":"https:\/\/www.municipiosyucatan.com\/wp\/fiesta-acaba-en-tragedia-hombre-muere-por-cornada-de-toro.html","title":{"rendered":"Fiesta acaba en tragedia; hombre muere por cornada de toro"},"content":{"rendered":"<p style=\"text-align: justify;\"><span class=\"error misspelling\" title=\"Se ha encontrado un posible error ortogr\u00e1fico.\" data-type=\"misspelling\" data-suggestions=\"[{&quot;value&quot;:&quot;Tim\u00f3n&quot;},{&quot;value&quot;:&quot;Dirimir&quot;},{&quot;value&quot;:&quot;Jazm\u00edn&quot;},{&quot;value&quot;:&quot;Tiz\u00f3n&quot;},{&quot;value&quot;:&quot;Dirimi\u00f3&quot;},{&quot;value&quot;:&quot;Dirim\u00eda&quot;},{&quot;value&quot;:&quot;Dis\u00edmil&quot;}]\" data-rule=\"MORFOLOGIK_RULE_ES\" data-word=\"Tizim\u00edn\">Tizim\u00edn<\/span>, Yucat\u00e1n, 4 de enero de <span class=\"error grammar\" title=\"Ha empezado un a\u00f1o nuevo. \u00bfQuer\u00eda decir \u00ab2022\u00bb?\" data-type=\"grammar\" data-suggestions=\"[{&quot;value&quot;:&quot;2022&quot;}]\" data-rule=\"DATE_NEW_YEAR\" data-word=\"2021\">2021<\/span> (<span class=\"error misspelling\" title=\"Se ha encontrado un posible error ortogr\u00e1fico.\" data-type=\"misspelling\" data-suggestions=\"[{&quot;value&quot;:&quot;ACO&quot;},{&quot;value&quot;:&quot;ACOMA&quot;},{&quot;value&quot;:&quot;ACOS&quot;},{&quot;value&quot;:&quot;WACOM&quot;}]\" data-rule=\"MORFOLOGIK_RULE_ES\" data-word=\"ACOM\">ACOM<\/span>).-Reyes Melchor C.C., de 46 a\u00f1os de edad falleci\u00f3 en el Hospital luego de ser corneado en d\u00edas pasados por un toro cuando ingreso al ruedo donde se realizaba el tradicional <span class=\"error misspelling\" title=\"Se ha encontrado un posible error ortogr\u00e1fico.\" data-type=\"misspelling\" data-suggestions=\"[{&quot;value&quot;:&quot;basal&quot;},{&quot;value&quot;:&quot;banal&quot;},{&quot;value&quot;:&quot;varal&quot;},{&quot;value&quot;:&quot;bayal&quot;},{&quot;value&quot;:&quot;Baal&quot;},{&quot;value&quot;:&quot;badal&quot;},{&quot;value&quot;:&quot;vagal&quot;}]\" data-rule=\"MORFOLOGIK_RULE_ES\" data-word=\"baxal\">baxal<\/span> Toro el pasado viernes.<\/p>\n<p><img loading=\"lazy\" decoding=\"async\" class=\"alignnone size-full wp-image-41835\" src=\"https:\/\/www.municipiosyucatan.com\/wp\/wp-content\/uploads\/2022\/01\/received_632402744613426.jpeg\" alt=\"\" width=\"756\" height=\"503\" \/><\/p>\n<p style=\"text-align: justify;\">Ese d\u00eda el hombre ingreso para el ruedo para jugar con el toro, una tradici\u00f3n que se <span class=\"error grammar\" title=\"Esta palabra ya ha aparecido en una de las frases inmediatamente anteriores. Puede usar un sin\u00f3nimo para hacer m\u00e1s interesante el texto, excepto si la repetici\u00f3n es intencionada.\" data-type=\"grammar\" data-suggestions=\"[{&quot;value&quot;:&quot;act\u00faa&quot;},{&quot;value&quot;:&quot;ejecuta&quot;},{&quot;value&quot;:&quot;procede&quot;},{&quot;value&quot;:&quot;hace&quot;},{&quot;value&quot;:&quot;efect\u00faa&quot;},{&quot;value&quot;:&quot;lleva a cabo&quot;},{&quot;value&quot;:&quot;efect\u00faa&quot;}]\" data-rule=\"ES_REPEATEDWORDS_REALIZAR\" data-word=\"realiza\">realiza<\/span> en el marco de la Feria de Reyes. Por descuido fue alcanzado por la res quien lo corneo, de inmediato fue sacado del lugar y llevado al Hospital San Carlos por param\u00e9dicos de la Cruz Roja.<\/p>\n<p><img loading=\"lazy\" decoding=\"async\" class=\"alignnone size-full wp-image-41836\" src=\"https:\/\/www.municipiosyucatan.com\/wp\/wp-content\/uploads\/2022\/01\/received_1099870970831328.jpeg\" alt=\"\" width=\"756\" height=\"503\" \/><\/p>\n<p style=\"text-align: justify;\">El s\u00e1bado falleci\u00f3 a causa de las complicaciones que tuvo, apenas ayer viernes sus familiares lograron darle cristiana sepultura. Sin <span class=\"grammar correction\" title=\"Esta locuci\u00f3n se escribe normalmente entre comas.\" data-type=\"grammar\" data-suggestions=\"[{&quot;value&quot;:&quot;embargo,&quot;}]\" data-rule=\"COMMA_MARCADOR_DISCURSIVO\" data-word=\"embargo\">embargo,<\/span> dicen estar preocupados pues ahora deben los gastos funerarios de su familiar, y aseguran no haber recibido alg\u00fan apoyo por parte de las autoridades municipales.<\/p>\n<p><img loading=\"lazy\" decoding=\"async\" class=\"alignnone size-full wp-image-41837\" src=\"https:\/\/www.municipiosyucatan.com\/wp\/wp-content\/uploads\/2022\/01\/received_1124308301666840.jpeg\" alt=\"\" width=\"756\" height=\"503\" \/><\/p>\n<p style=\"text-align: justify;\">Aunque est\u00e1n conscientes y no se est\u00e1 culpando a <span class=\"grammar correction\" title=\"Como locuci\u00f3n causal, se escribe con coma.\" data-type=\"grammar\" data-suggestions=\"[{&quot;value&quot;:&quot;nadie, ya que&quot;},{&quot;value&quot;:&quot;nadie porque&quot;}]\" data-rule=\"YA_QUE\" data-word=\"nadie ya que\">nadie, ya que<\/span> fue por voluntad propia que su familiar haya ingresado al ruedo. Sobre los hechos por parte de las autoridades municipales tampoco se ha emitido <span class=\"grammar correction\" title=\"Error de concordancia.\" data-type=\"grammar\" data-suggestions=\"[{&quot;value&quot;:&quot;ninguna informaci\u00f3n&quot;},{&quot;value&quot;:&quot;ningunas informaciones&quot;}]\" data-rule=\"AGREEMENT_DET_NOUN\" data-word=\"ning\u00fan informaci\u00f3n\">ninguna informaci\u00f3n<\/span>.<\/p>\n<p style=\"text-align: justify;\">Los familiares del ahora occiso viven sobre la calle 47 x 33 de la colonia Felipe Carrillo Puerto, para aquellos que deseen ayudarlos.<\/p>\n","protected":false},"excerpt":{"rendered":"<p>Familiares del ahora occiso piden apoyo a la poblaci\u00f3n para solventar los gastos que esta tragedia ha generado <\/p>\n","protected":false},"author":1,"featured_media":41835,"comment_status":"closed","ping_status":"closed","sticky":false,"template":"","format":"standard","meta":{"footnotes":""},"categories":[97,7705],"tags":[10191,3159,10193,10192,7152,8125],"class_list":["post-41834","post","type-post","status-publish","format-standard","has-post-thumbnail","category-tizimin","category-yucatan-oriente","tag-cornada","tag-corrida-de-toros","tag-expo-feria-tizimin","tag-muere-hombre","tag-tizimin","tag-toro"],"_links":{"self":[{"href":"https:\/\/www.municipiosyucatan.com\/wp\/wp-json\/wp\/v2\/posts\/41834","targetHints":{"allow":["GET"]}}],"collection":[{"href":"https:\/\/www.municipiosyucatan.com\/wp\/wp-json\/wp\/v2\/posts"}],"about":[{"href":"https:\/\/www.municipiosyucatan.com\/wp\/wp-json\/wp\/v2\/types\/post"}],"author":[{"embeddable":true,"href":"https:\/\/www.municipiosyucatan.com\/wp\/wp-json\/wp\/v2\/users\/1"}],"replies":[{"embeddable":true,"href":"https:\/\/www.municipiosyucatan.com\/wp\/wp-json\/wp\/v2\/comments?post=41834"}],"version-history":[{"count":1,"href":"https:\/\/www.municipiosyucatan.com\/wp\/wp-json\/wp\/v2\/posts\/41834\/revisions"}],"predecessor-version":[{"id":41838,"href":"https:\/\/www.municipiosyucatan.com\/wp\/wp-json\/wp\/v2\/posts\/41834\/revisions\/41838"}],"wp:featuredmedia":[{"embeddable":true,"href":"https:\/\/www.municipiosyucatan.com\/wp\/wp-json\/wp\/v2\/media\/41835"}],"wp:attachment":[{"href":"https:\/\/www.municipiosyucatan.com\/wp\/wp-json\/wp\/v2\/media?parent=41834"}],"wp:term":[{"taxonomy":"category","embeddable":true,"href":"https:\/\/www.municipiosyucatan.com\/wp\/wp-json\/wp\/v2\/categories?post=41834"},{"taxonomy":"post_tag","embeddable":true,"href":"https:\/\/www.municipiosyucatan.com\/wp\/wp-json\/wp\/v2\/tags?post=41834"}],"curies":[{"name":"wp","href":"https:\/\/api.w.org\/{rel}","templated":true}]}}