{"id":42024,"date":"2022-01-13T08:29:52","date_gmt":"2022-01-13T14:29:52","guid":{"rendered":"https:\/\/www.municipiosyucatan.com\/wp\/?p=42024"},"modified":"2022-01-13T08:29:52","modified_gmt":"2022-01-13T14:29:52","slug":"fiesteros-de-tizimin-reportan-perdidas-por-el-cierre-anticipado-de-los-festejos","status":"publish","type":"post","link":"https:\/\/www.municipiosyucatan.com\/wp\/fiesteros-de-tizimin-reportan-perdidas-por-el-cierre-anticipado-de-los-festejos.html","title":{"rendered":"Fiesteros de Tizim\u00edn reportan p\u00e9rdidas por el cierre anticipado de los festejos"},"content":{"rendered":"<p style=\"text-align: justify;\"><span class=\"error misspelling\" title=\"Se ha encontrado un posible error ortogr\u00e1fico.\" data-type=\"misspelling\" data-suggestions=\"[{&quot;value&quot;:&quot;Tim\u00f3n&quot;},{&quot;value&quot;:&quot;Dirimir&quot;},{&quot;value&quot;:&quot;Jazm\u00edn&quot;},{&quot;value&quot;:&quot;Tiz\u00f3n&quot;},{&quot;value&quot;:&quot;Dirimi\u00f3&quot;},{&quot;value&quot;:&quot;Dirim\u00eda&quot;},{&quot;value&quot;:&quot;Dis\u00edmil&quot;}]\" data-rule=\"MORFOLOGIK_RULE_ES\" data-word=\"Tizim\u00edn\">Tizim\u00edn<\/span>, Yucat\u00e1n, 13 de enero de 2022 (<span class=\"error misspelling\" title=\"Se ha encontrado un posible error ortogr\u00e1fico.\" data-type=\"misspelling\" data-suggestions=\"[{&quot;value&quot;:&quot;ACO&quot;},{&quot;value&quot;:&quot;ACOMA&quot;},{&quot;value&quot;:&quot;ACOS&quot;},{&quot;value&quot;:&quot;WACOM&quot;}]\" data-rule=\"MORFOLOGIK_RULE_ES\" data-word=\"ACOM\">ACOM<\/span>).-<span class=\"grammar correction\" title=\"Si es adjetivo o nombre, se escribe con tilde.\" data-type=\"grammar\" data-suggestions=\"[{&quot;value&quot;:&quot;El t\u00e9rmino&quot;}]\" data-rule=\"DIACRITICS_VERB_N_ADJ\" data-word=\"El termino\">El t\u00e9rmino<\/span> anticipado de la Feria de Reyes 2022 dej\u00f3 grandes p\u00e9rdidas a los fiesteros y comerciantes que rentaron espacios.<\/p>\n<p style=\"text-align: justify;\">Seg\u00fan los mismos fiesteros cuando firmaron su contrato les indic\u00f3 que ten\u00edan hasta el 17 de enero para poder estar trabajando, sin <span class=\"grammar correction\" title=\"Esta locuci\u00f3n se escribe normalmente entre comas.\" data-type=\"grammar\" data-suggestions=\"[{&quot;value&quot;:&quot;embargo,&quot;}]\" data-rule=\"COMMA_MARCADOR_DISCURSIVO\" data-word=\"embargo\">embargo,<\/span> como se sabe la feria concluyo el pasado lunes 10.<\/p>\n<p><img loading=\"lazy\" decoding=\"async\" class=\"alignnone size-full wp-image-42025\" src=\"https:\/\/www.municipiosyucatan.com\/wp\/wp-content\/uploads\/2022\/01\/FB_IMG_1642039108404.jpg\" alt=\"\" width=\"756\" height=\"502\" \/><\/p>\n<p style=\"text-align: justify;\"><span class=\"grammar correction\" title=\"Si es adjetivo o nombre, se escribe con tilde.\" data-type=\"grammar\" data-suggestions=\"[{&quot;value&quot;:&quot;El t\u00e9rmino&quot;}]\" data-rule=\"DIACRITICS_VERB_N_ADJ\" data-word=\"El termino\">El t\u00e9rmino<\/span> anticipado les dejo grandes p\u00e9rdidas incluso aseguran que no recuperaron lo que invirtieron, algunos de ellos que vienen de otros estados gastaron cerca de 50 mil pesos en proveedores, gasolinas, pago de derecho de piso, entre otros, lo cual aseguran no fue recuperado.<\/p>\n<p><img loading=\"lazy\" decoding=\"async\" class=\"alignnone size-full wp-image-42026\" src=\"https:\/\/www.municipiosyucatan.com\/wp\/wp-content\/uploads\/2022\/01\/FB_IMG_1642039153220.jpg\" alt=\"\" width=\"756\" height=\"503\" \/><\/p>\n<p style=\"text-align: justify;\">Indican que los \u00fanicos d\u00edas en que se vend\u00eda bien era los fines de semana, pero tras el aviso de la cancelaci\u00f3n sus ventas decayeron. Aunado a ello, con el ingreso del frente <span class=\"grammar correction\" title=\"Si es un nombre, es escribe con tilde. Correcto si es del v.\u00a0\u2018fre\u00edr\u2019 en pasado (\u00e9l frio).\" data-type=\"grammar\" data-suggestions=\"[{&quot;value&quot;:&quot;fr\u00edo&quot;}]\" data-rule=\"FRIO\" data-word=\"frio\">fr\u00edo<\/span> en el \u00faltimo d\u00eda estuvo lloviendo lo que m\u00e1s los afecto.<\/p>\n<p style=\"text-align: justify;\">Aseguran ten\u00edan la esperanza de poder vender bien durante la Feria de Reyes despu\u00e9s de dos a\u00f1os de que no se realizara.<\/p>\n<p><img loading=\"lazy\" decoding=\"async\" class=\"alignnone size-full wp-image-42027\" src=\"https:\/\/www.municipiosyucatan.com\/wp\/wp-content\/uploads\/2022\/01\/FB_IMG_1642039180189.jpg\" alt=\"\" width=\"756\" height=\"504\" \/><\/p>\n<p style=\"text-align: justify;\">Sin <span class=\"grammar correction\" title=\"Esta locuci\u00f3n se escribe normalmente entre comas.\" data-type=\"grammar\" data-suggestions=\"[{&quot;value&quot;:&quot;embargo,&quot;}]\" data-rule=\"COMMA_MARCADOR_DISCURSIVO\" data-word=\"embargo\">embargo,<\/span> sus perspectivas no fueron cumplidas como ellos esperaban. Los otros que tambi\u00e9n se vieron afectados fueron los que rentaron espacios en la plaza de toros, pus aseguran que ten\u00edan la esperanza de recuperarse en el \u00faltimo fin de semana de feria que ser\u00eda en los pr\u00f3ximos d\u00edas, pero con la cancelaci\u00f3n anticipada sufrieron de p\u00e9rdidas.<\/p>\n<p style=\"text-align: justify;\">Aunado a ello, despu\u00e9s de la Feria en <span class=\"error misspelling\" title=\"Se ha encontrado un posible error ortogr\u00e1fico.\" data-type=\"misspelling\" data-suggestions=\"[{&quot;value&quot;:&quot;Tim\u00f3n&quot;},{&quot;value&quot;:&quot;Dirimir&quot;},{&quot;value&quot;:&quot;Jazm\u00edn&quot;},{&quot;value&quot;:&quot;Tiz\u00f3n&quot;},{&quot;value&quot;:&quot;Dirimi\u00f3&quot;},{&quot;value&quot;:&quot;Dirim\u00eda&quot;},{&quot;value&quot;:&quot;Dis\u00edmil&quot;}]\" data-rule=\"MORFOLOGIK_RULE_ES\" data-word=\"Tizim\u00edn\">Tizim\u00edn<\/span> los casos de Coronavirus han ido en aumento.<\/p>\n","protected":false},"excerpt":{"rendered":"<p>Indican que los \u00fanicos d\u00edas en que se vend\u00eda bien era los fines de semana, pero tras el aviso de la cancelaci\u00f3n sus ventas decayeron<\/p>\n","protected":false},"author":1,"featured_media":42026,"comment_status":"closed","ping_status":"closed","sticky":false,"template":"","format":"standard","meta":{"footnotes":""},"categories":[97,7705],"tags":[9837,10252,6887,7152],"class_list":["post-42024","post","type-post","status-publish","format-standard","has-post-thumbnail","category-tizimin","category-yucatan-oriente","tag-feria-de-reyes","tag-fiesteros","tag-perdidas-economicas","tag-tizimin"],"_links":{"self":[{"href":"https:\/\/www.municipiosyucatan.com\/wp\/wp-json\/wp\/v2\/posts\/42024","targetHints":{"allow":["GET"]}}],"collection":[{"href":"https:\/\/www.municipiosyucatan.com\/wp\/wp-json\/wp\/v2\/posts"}],"about":[{"href":"https:\/\/www.municipiosyucatan.com\/wp\/wp-json\/wp\/v2\/types\/post"}],"author":[{"embeddable":true,"href":"https:\/\/www.municipiosyucatan.com\/wp\/wp-json\/wp\/v2\/users\/1"}],"replies":[{"embeddable":true,"href":"https:\/\/www.municipiosyucatan.com\/wp\/wp-json\/wp\/v2\/comments?post=42024"}],"version-history":[{"count":1,"href":"https:\/\/www.municipiosyucatan.com\/wp\/wp-json\/wp\/v2\/posts\/42024\/revisions"}],"predecessor-version":[{"id":42028,"href":"https:\/\/www.municipiosyucatan.com\/wp\/wp-json\/wp\/v2\/posts\/42024\/revisions\/42028"}],"wp:featuredmedia":[{"embeddable":true,"href":"https:\/\/www.municipiosyucatan.com\/wp\/wp-json\/wp\/v2\/media\/42026"}],"wp:attachment":[{"href":"https:\/\/www.municipiosyucatan.com\/wp\/wp-json\/wp\/v2\/media?parent=42024"}],"wp:term":[{"taxonomy":"category","embeddable":true,"href":"https:\/\/www.municipiosyucatan.com\/wp\/wp-json\/wp\/v2\/categories?post=42024"},{"taxonomy":"post_tag","embeddable":true,"href":"https:\/\/www.municipiosyucatan.com\/wp\/wp-json\/wp\/v2\/tags?post=42024"}],"curies":[{"name":"wp","href":"https:\/\/api.w.org\/{rel}","templated":true}]}}