{"id":42035,"date":"2022-01-14T14:21:31","date_gmt":"2022-01-14T20:21:31","guid":{"rendered":"https:\/\/www.municipiosyucatan.com\/wp\/?p=42035"},"modified":"2022-01-14T14:21:31","modified_gmt":"2022-01-14T20:21:31","slug":"que-por-detener-gente-sin-razon-despiden-a-3-policias-de-kanasin","status":"publish","type":"post","link":"https:\/\/www.municipiosyucatan.com\/wp\/que-por-detener-gente-sin-razon-despiden-a-3-policias-de-kanasin.html","title":{"rendered":"Que por detener gente sin \u00abraz\u00f3n\u00bb, despiden a 3 polic\u00edas de Kanas\u00edn"},"content":{"rendered":"<p style=\"text-align: justify;\"><span class=\"error misspelling\" title=\"Se ha encontrado un posible error ortogr\u00e1fico.\" data-type=\"misspelling\" data-suggestions=\"[{&quot;value&quot;:&quot;Kan as\u00edn&quot;}]\" data-rule=\"MORFOLOGIK_RULE_ES\" data-word=\"Kanas\u00edn\">Kanas\u00edn<\/span>, Yucat\u00e1n, 14 de enero de 2022.- El despido de tres polic\u00edas municipales de <span class=\"error misspelling\" title=\"Se ha encontrado un posible error ortogr\u00e1fico.\" data-type=\"misspelling\" data-suggestions=\"[{&quot;value&quot;:&quot;Kan as\u00edn&quot;}]\" data-rule=\"MORFOLOGIK_RULE_ES\" data-word=\"Kanas\u00edn\">Kanas\u00edn<\/span> gener\u00f3 pol\u00e9mica en redes sociales, al considerar que se trat\u00f3 de una medida desproporcionada ante la detenci\u00f3n de un ciudadano que insult\u00f3 a los uniformados en la colonia Los Arcos.<\/p>\n<p style=\"text-align: justify;\">En un comunicado, el ayuntamiento dio a conocer que con relaci\u00f3n a los hechos que se observan en un v\u00eddeo que circula en internet sobre el caso, el alcalde Edwin <span class=\"error misspelling\" title=\"Se ha encontrado un posible error ortogr\u00e1fico.\" data-type=\"misspelling\" data-suggestions=\"[{&quot;value&quot;:&quot;Boh\u00f3rquez&quot;}]\" data-rule=\"MORFOLOGIK_RULE_ES\" data-word=\"Boj\u00f3rquez\">Boj\u00f3rquez<\/span> Ram\u00edrez gir\u00f3 instrucciones para dar de baja a los tres elementos de la corporaci\u00f3n.<\/p>\n<p><img loading=\"lazy\" decoding=\"async\" class=\"alignnone size-full wp-image-42036\" src=\"https:\/\/www.municipiosyucatan.com\/wp\/wp-content\/uploads\/2022\/01\/WhatsApp-Image-2022-01-14-at-12.35.17.jpeg\" alt=\"\" width=\"768\" height=\"401\" \/><\/p>\n<p style=\"text-align: justify;\">\u201cEs oportuno se\u00f1alar que el ciudadano que fue detenido ayer en Los Arcos de manera indebida fue liberado anoche. Se han puesto en marcha acciones para capacitar a los agentes desde el primer d\u00eda de esta administraci\u00f3n y no vamos a tolerar ning\u00fan acto de injusticia o abuso en contra del ciudadano de <span class=\"error misspelling\" title=\"Se ha encontrado un posible error ortogr\u00e1fico.\" data-type=\"misspelling\" data-suggestions=\"[{&quot;value&quot;:&quot;Kan as\u00edn&quot;}]\" data-rule=\"MORFOLOGIK_RULE_ES\" data-word=\"Kanas\u00edn\">Kanas\u00edn<\/span>\u201d dice el bolet\u00edn de prensa.<\/p>\n<p style=\"text-align: justify;\"><span class=\"error grammar\" title=\"S\u00edmbolo desparejado: Parece que falta un \u2018\u201d\u2019.\" data-type=\"grammar\" data-suggestions=\"[]\" data-rule=\"ES_UNPAIRED_BRACKETS\" data-word=\"\u201c\">\u201c<\/span>El presidente municipal Edwin <span class=\"error misspelling\" title=\"Se ha encontrado un posible error ortogr\u00e1fico.\" data-type=\"misspelling\" data-suggestions=\"[{&quot;value&quot;:&quot;Boh\u00f3rquez&quot;}]\" data-rule=\"MORFOLOGIK_RULE_ES\" data-word=\"Boj\u00f3rquez\">Boj\u00f3rquez<\/span> ha sido claro y contundente en se\u00f1alar que es necesario avanzar en materia de seguridad y protecci\u00f3n a favor de las familias de <span class=\"error misspelling\" title=\"Se ha encontrado un posible error ortogr\u00e1fico.\" data-type=\"misspelling\" data-suggestions=\"[{&quot;value&quot;:&quot;Kan as\u00edn&quot;}]\" data-rule=\"MORFOLOGIK_RULE_ES\" data-word=\"Kanas\u00edn\">Kanas\u00edn<\/span> y reiter\u00f3 que \u201cen los casos de abuso en contra de la poblaci\u00f3n ning\u00fan polic\u00eda tiene su cargo asegurado y, si se necesitan hacer nuevos ajustes en la corporaci\u00f3n para lograr nuestro objetivo, se seguir\u00e1n haciendo\u201d se expres\u00f3 en el comunicado.<\/p>\n<p style=\"text-align: justify;\">No obstante, usuarios de las redes sociales han cuestionado la decisi\u00f3n de mun\u00edcipe <span class=\"error grammar\" title=\"Como locuci\u00f3n causal, se escribe con coma.\" data-type=\"grammar\" data-suggestions=\"[{&quot;value&quot;:&quot;panista, ya que&quot;},{&quot;value&quot;:&quot;panista porque&quot;}]\" data-rule=\"YA_QUE\" data-word=\"panista ya que\">panista ya que<\/span> el detenido, inicialmente, insult\u00f3 a los agentes polic\u00edacos.<\/p>\n","protected":false},"excerpt":{"rendered":"<p>Todo el show se origin\u00f3 a ra\u00edz de un video que se vitaliz\u00f3 en redes sociales, donde se ve a los uniformados detener a unos sujetos.<\/p>\n","protected":false},"author":1,"featured_media":42036,"comment_status":"closed","ping_status":"closed","sticky":false,"template":"","format":"standard","meta":{"footnotes":""},"categories":[42,7707],"tags":[10258,7656,7119,10257],"class_list":["post-42035","post","type-post","status-publish","format-standard","has-post-thumbnail","category-kanasin","category-yucatan-centro","tag-despiden-a-3-policias","tag-detenidos","tag-kanasin","tag-olicias"],"_links":{"self":[{"href":"https:\/\/www.municipiosyucatan.com\/wp\/wp-json\/wp\/v2\/posts\/42035","targetHints":{"allow":["GET"]}}],"collection":[{"href":"https:\/\/www.municipiosyucatan.com\/wp\/wp-json\/wp\/v2\/posts"}],"about":[{"href":"https:\/\/www.municipiosyucatan.com\/wp\/wp-json\/wp\/v2\/types\/post"}],"author":[{"embeddable":true,"href":"https:\/\/www.municipiosyucatan.com\/wp\/wp-json\/wp\/v2\/users\/1"}],"replies":[{"embeddable":true,"href":"https:\/\/www.municipiosyucatan.com\/wp\/wp-json\/wp\/v2\/comments?post=42035"}],"version-history":[{"count":1,"href":"https:\/\/www.municipiosyucatan.com\/wp\/wp-json\/wp\/v2\/posts\/42035\/revisions"}],"predecessor-version":[{"id":42037,"href":"https:\/\/www.municipiosyucatan.com\/wp\/wp-json\/wp\/v2\/posts\/42035\/revisions\/42037"}],"wp:featuredmedia":[{"embeddable":true,"href":"https:\/\/www.municipiosyucatan.com\/wp\/wp-json\/wp\/v2\/media\/42036"}],"wp:attachment":[{"href":"https:\/\/www.municipiosyucatan.com\/wp\/wp-json\/wp\/v2\/media?parent=42035"}],"wp:term":[{"taxonomy":"category","embeddable":true,"href":"https:\/\/www.municipiosyucatan.com\/wp\/wp-json\/wp\/v2\/categories?post=42035"},{"taxonomy":"post_tag","embeddable":true,"href":"https:\/\/www.municipiosyucatan.com\/wp\/wp-json\/wp\/v2\/tags?post=42035"}],"curies":[{"name":"wp","href":"https:\/\/api.w.org\/{rel}","templated":true}]}}