{"id":42408,"date":"2022-02-08T08:19:06","date_gmt":"2022-02-08T14:19:06","guid":{"rendered":"https:\/\/www.municipiosyucatan.com\/wp\/?p=42408"},"modified":"2022-02-08T08:19:06","modified_gmt":"2022-02-08T14:19:06","slug":"mas-accidentes-y-lesionados-en-la-carretera-merida-cancun","status":"publish","type":"post","link":"https:\/\/www.municipiosyucatan.com\/wp\/mas-accidentes-y-lesionados-en-la-carretera-merida-cancun.html","title":{"rendered":"M\u00e1s accidentes y lesionados en la carretera M\u00e9rida-Canc\u00fan"},"content":{"rendered":"<p style=\"text-align: justify;\">Valladolid, Yucat\u00e1n, 8 de febrero de 2022 (<span class=\"error misspelling\" title=\"Se ha encontrado un posible error ortogr\u00e1fico.\" data-type=\"misspelling\" data-suggestions=\"[{&quot;value&quot;:&quot;ACO&quot;},{&quot;value&quot;:&quot;ACOMA&quot;},{&quot;value&quot;:&quot;ACOS&quot;},{&quot;value&quot;:&quot;WACOM&quot;}]\" data-rule=\"MORFOLOGIK_RULE_ES\" data-word=\"ACOM\">ACOM<\/span>).-Cuatro personas resultaron lesionadas luego de ser colisionados por una camioneta.<\/p>\n<p style=\"text-align: justify;\">El hecho se registr\u00f3 en la carretera federal libre M\u00e9rida-Canc\u00fan a la altura del kil\u00f3metro 156. El conductor de un <span class=\"grammar correction\" title=\"Si es adjetivo o nombre, se escribe con tilde.\" data-type=\"grammar\" data-suggestions=\"[{&quot;value&quot;:&quot;veh\u00edculo&quot;}]\" data-rule=\"DIACRITICS_02\" data-word=\"vehiculo\">veh\u00edculo<\/span> <span class=\"error misspelling\" title=\"Se ha encontrado un posible error ortogr\u00e1fico.\" data-type=\"misspelling\" data-suggestions=\"[{&quot;value&quot;:&quot;Cheli&quot;},{&quot;value&quot;:&quot;Chevi\u00f3&quot;}]\" data-rule=\"MORFOLOGIK_RULE_ES\" data-word=\"Chevy\">Chevy<\/span> color rojo, transitaba de oriente a poniente, al llegar a la altura del entronque de <span class=\"misspelling correction\" title=\"Se ha encontrado un posible error ortogr\u00e1fico.\" data-type=\"misspelling\" data-suggestions=\"[{&quot;value&quot;:&quot;perif\u00e9rico&quot;},{&quot;value&quot;:&quot;perif\u00e9ricos&quot;},{&quot;value&quot;:&quot;perif\u00e9rica&quot;}]\" data-rule=\"MORFOLOGIK_RULE_ES\" data-word=\"periferico\">perif\u00e9rico<\/span> con <span class=\"misspelling correction\" title=\"Se ha encontrado un posible error ortogr\u00e1fico.\" data-type=\"misspelling\" data-suggestions=\"[{&quot;value&quot;:&quot;direcci\u00f3n&quot;},{&quot;value&quot;:&quot;disecci\u00f3n&quot;},{&quot;value&quot;:&quot;direcciona&quot;},{&quot;value&quot;:&quot;dilecci\u00f3n&quot;},{&quot;value&quot;:&quot;direccion\u00f3&quot;},{&quot;value&quot;:&quot;direccione&quot;},{&quot;value&quot;:&quot;direcciono&quot;}]\" data-rule=\"MORFOLOGIK_RULE_ES\" data-word=\"direccion\">direcci\u00f3n<\/span> a <span class=\"error misspelling\" title=\"Se ha encontrado un posible error ortogr\u00e1fico.\" data-type=\"misspelling\" data-suggestions=\"[{&quot;value&quot;:&quot;Ticuco&quot;},{&quot;value&quot;:&quot;Tijuca&quot;}]\" data-rule=\"MORFOLOGIK_RULE_ES\" data-word=\"Tikuch\">Tikuch<\/span>, fue impactado de su costado derecho por un <span class=\"grammar correction\" title=\"Si es adjetivo o nombre, se escribe con tilde.\" data-type=\"grammar\" data-suggestions=\"[{&quot;value&quot;:&quot;veh\u00edculo&quot;}]\" data-rule=\"DIACRITICS_02\" data-word=\"vehiculo\">veh\u00edculo<\/span> color blanco que transitaba de norte a sur, el cual se dio a la fuga.<\/p>\n<p><img loading=\"lazy\" decoding=\"async\" class=\"alignnone size-full wp-image-42409\" src=\"https:\/\/www.municipiosyucatan.com\/wp\/wp-content\/uploads\/2022\/02\/IMG-20220206-WA0045.jpg\" alt=\"\" width=\"756\" height=\"567\" srcset=\"https:\/\/www.municipiosyucatan.com\/wp\/wp-content\/uploads\/2022\/02\/IMG-20220206-WA0045.jpg 756w, https:\/\/www.municipiosyucatan.com\/wp\/wp-content\/uploads\/2022\/02\/IMG-20220206-WA0045-80x60.jpg 80w, https:\/\/www.municipiosyucatan.com\/wp\/wp-content\/uploads\/2022\/02\/IMG-20220206-WA0045-265x198.jpg 265w\" sizes=\"auto, (max-width: 756px) 100vw, 756px\" \/><\/p>\n<p style=\"text-align: justify;\">Los acompa\u00f1antes del <span class=\"error misspelling\" title=\"Se ha encontrado un posible error ortogr\u00e1fico.\" data-type=\"misspelling\" data-suggestions=\"[{&quot;value&quot;:&quot;Cheli&quot;},{&quot;value&quot;:&quot;Chevi\u00f3&quot;}]\" data-rule=\"MORFOLOGIK_RULE_ES\" data-word=\"Chevy\">Chevy<\/span> rojo; dos mujeres y un menor de edad, fueron atendidos por <span class=\"misspelling correction\" title=\"Se ha encontrado un posible error ortogr\u00e1fico.\" data-type=\"misspelling\" data-suggestions=\"[{&quot;value&quot;:&quot;Param\u00e9dicos&quot;},{&quot;value&quot;:&quot;Param\u00e9dicas&quot;},{&quot;value&quot;:&quot;Param\u00e9dico&quot;}]\" data-rule=\"MORFOLOGIK_RULE_ES\" data-word=\"Paramedicos\">Param\u00e9dicos<\/span> de la SSP, posteriormente fueron trasladados al Hospital General de Valladolid, para su mejor <span class=\"misspelling correction\" title=\"Se ha encontrado un posible error ortogr\u00e1fico.\" data-type=\"misspelling\" data-suggestions=\"[{&quot;value&quot;:&quot;atenci\u00f3n&quot;},{&quot;value&quot;:&quot;tenci\u00f3n&quot;}]\" data-rule=\"MORFOLOGIK_RULE_ES\" data-word=\"atencion\">atenci\u00f3n<\/span> de <span class=\"grammar correction\" title=\"Si es adjetivo o nombre, se escribe con tilde.\" data-type=\"grammar\" data-suggestions=\"[{&quot;value&quot;:&quot;m\u00e9dica&quot;}]\" data-rule=\"DIACRITICS_03\" data-word=\"medica\">m\u00e9dica<\/span>.<\/p>\n<p><img loading=\"lazy\" decoding=\"async\" class=\"alignnone size-full wp-image-42410\" src=\"https:\/\/www.municipiosyucatan.com\/wp\/wp-content\/uploads\/2022\/02\/IMG-20220206-WA0046.jpg\" alt=\"\" width=\"756\" height=\"425\" \/><\/p>\n<p style=\"text-align: justify;\">Bomberos y elementos policiacos de la SSP, realizaron maniobras para poder sacar a las <span class=\"grammar correction\" title=\"Como locuci\u00f3n causal, se escribe con coma.\" data-type=\"grammar\" data-suggestions=\"[{&quot;value&quot;:&quot;personas, ya que&quot;},{&quot;value&quot;:&quot;personas porque&quot;}]\" data-rule=\"YA_QUE\" data-word=\"personas ya que\">personas, ya que<\/span> las puertas del <span class=\"grammar correction\" title=\"Si es adjetivo o nombre, se escribe con tilde.\" data-type=\"grammar\" data-suggestions=\"[{&quot;value&quot;:&quot;veh\u00edculo&quot;}]\" data-rule=\"DIACRITICS_02\" data-word=\"vehiculo\">veh\u00edculo<\/span>, debido a la <span class=\"misspelling correction\" title=\"Se ha encontrado un posible error ortogr\u00e1fico.\" data-type=\"misspelling\" data-suggestions=\"[{&quot;value&quot;:&quot;colisi\u00f3n&quot;},{&quot;value&quot;:&quot;comisi\u00f3n&quot;},{&quot;value&quot;:&quot;colision\u00f3&quot;},{&quot;value&quot;:&quot;colisiona&quot;},{&quot;value&quot;:&quot;colusi\u00f3n&quot;},{&quot;value&quot;:&quot;colisione&quot;},{&quot;value&quot;:&quot;colisiono&quot;}]\" data-rule=\"MORFOLOGIK_RULE_ES\" data-word=\"colision\">colisi\u00f3n<\/span> no se <span class=\"misspelling correction\" title=\"Se ha encontrado un posible error ortogr\u00e1fico.\" data-type=\"misspelling\" data-suggestions=\"[{&quot;value&quot;:&quot;pod\u00edan&quot;},{&quot;value&quot;:&quot;pod\u00eda&quot;},{&quot;value&quot;:&quot;podr\u00edan&quot;},{&quot;value&quot;:&quot;puedan&quot;},{&quot;value&quot;:&quot;podr\u00e1n&quot;},{&quot;value&quot;:&quot;pon\u00edan&quot;},{&quot;value&quot;:&quot;ped\u00edan&quot;}]\" data-rule=\"MORFOLOGIK_RULE_ES\" data-word=\"podian\">pod\u00edan<\/span> abrir.<\/p>\n<p style=\"text-align: justify;\">Elementos de la SSP y la Guardia Nacional <span class=\"misspelling correction\" title=\"Se ha encontrado un posible error ortogr\u00e1fico.\" data-type=\"misspelling\" data-suggestions=\"[{&quot;value&quot;:&quot;Divisi\u00f3n&quot;},{&quot;value&quot;:&quot;Dimisi\u00f3n&quot;}]\" data-rule=\"MORFOLOGIK_RULE_ES\" data-word=\"Division\">Divisi\u00f3n<\/span> Caminos y Carreteras, abanderaron el sitio hasta el retiro del <span class=\"grammar correction\" title=\"Si es adjetivo o nombre, se escribe con tilde.\" data-type=\"grammar\" data-suggestions=\"[{&quot;value&quot;:&quot;veh\u00edculo&quot;}]\" data-rule=\"DIACRITICS_02\" data-word=\"vehiculo\">veh\u00edculo<\/span> y de las personas, a fin de evitar <span class=\"grammar correction\" title=\"Si no equivale a \u2018pero\u2019 o \u2018sino\u2019, se escribe con tilde.\" data-type=\"grammar\" data-suggestions=\"[{&quot;value&quot;:&quot;m\u00e1s&quot;}]\" data-rule=\"MAS\" data-word=\"mas\">m\u00e1s<\/span> accidentes.<\/p>\n","protected":false},"excerpt":{"rendered":"<p>El hecho se registr\u00f3 en la carretera federal libre M\u00e9rida-Canc\u00fan a la altura del kil\u00f3metro 156 donde 4 personas resultaron lesionadas <\/p>\n","protected":false},"author":1,"featured_media":42409,"comment_status":"closed","ping_status":"closed","sticky":false,"template":"","format":"standard","meta":{"footnotes":""},"categories":[103,7705],"tags":[3175,3331,8645,8590,3246],"class_list":["post-42408","post","type-post","status-publish","format-standard","has-post-thumbnail","category-valladolid","category-yucatan-oriente","tag-accidente","tag-choque","tag-heridos","tag-paramedicos","tag-valladolid-2"],"_links":{"self":[{"href":"https:\/\/www.municipiosyucatan.com\/wp\/wp-json\/wp\/v2\/posts\/42408","targetHints":{"allow":["GET"]}}],"collection":[{"href":"https:\/\/www.municipiosyucatan.com\/wp\/wp-json\/wp\/v2\/posts"}],"about":[{"href":"https:\/\/www.municipiosyucatan.com\/wp\/wp-json\/wp\/v2\/types\/post"}],"author":[{"embeddable":true,"href":"https:\/\/www.municipiosyucatan.com\/wp\/wp-json\/wp\/v2\/users\/1"}],"replies":[{"embeddable":true,"href":"https:\/\/www.municipiosyucatan.com\/wp\/wp-json\/wp\/v2\/comments?post=42408"}],"version-history":[{"count":1,"href":"https:\/\/www.municipiosyucatan.com\/wp\/wp-json\/wp\/v2\/posts\/42408\/revisions"}],"predecessor-version":[{"id":42411,"href":"https:\/\/www.municipiosyucatan.com\/wp\/wp-json\/wp\/v2\/posts\/42408\/revisions\/42411"}],"wp:featuredmedia":[{"embeddable":true,"href":"https:\/\/www.municipiosyucatan.com\/wp\/wp-json\/wp\/v2\/media\/42409"}],"wp:attachment":[{"href":"https:\/\/www.municipiosyucatan.com\/wp\/wp-json\/wp\/v2\/media?parent=42408"}],"wp:term":[{"taxonomy":"category","embeddable":true,"href":"https:\/\/www.municipiosyucatan.com\/wp\/wp-json\/wp\/v2\/categories?post=42408"},{"taxonomy":"post_tag","embeddable":true,"href":"https:\/\/www.municipiosyucatan.com\/wp\/wp-json\/wp\/v2\/tags?post=42408"}],"curies":[{"name":"wp","href":"https:\/\/api.w.org\/{rel}","templated":true}]}}