{"id":43325,"date":"2022-03-29T10:50:08","date_gmt":"2022-03-29T16:50:08","guid":{"rendered":"https:\/\/www.municipiosyucatan.com\/wp\/?p=43325"},"modified":"2022-03-29T10:50:08","modified_gmt":"2022-03-29T16:50:08","slug":"detenido-por-robar-un-medidor-de-agua","status":"publish","type":"post","link":"https:\/\/www.municipiosyucatan.com\/wp\/detenido-por-robar-un-medidor-de-agua.html","title":{"rendered":"Detenido por robar un medidor de agua"},"content":{"rendered":"<p style=\"text-align: justify;\"><span class=\"error misspelling\" title=\"Se ha encontrado un posible error ortogr\u00e1fico.\" data-type=\"misspelling\" data-suggestions=\"[{&quot;value&quot;:&quot;Tim\u00f3n&quot;},{&quot;value&quot;:&quot;Dirimir&quot;},{&quot;value&quot;:&quot;Jazm\u00edn&quot;},{&quot;value&quot;:&quot;Tiz\u00f3n&quot;},{&quot;value&quot;:&quot;Dirimi\u00f3&quot;},{&quot;value&quot;:&quot;Dirim\u00eda&quot;},{&quot;value&quot;:&quot;Dis\u00edmil&quot;}]\" data-rule=\"MORFOLOGIK_RULE_ES\" data-word=\"Tizim\u00edn\">Tizim\u00edn<\/span>, Yucat\u00e1n, 29 de marzo de 2022 (<span class=\"error misspelling\" title=\"Se ha encontrado un posible error ortogr\u00e1fico.\" data-type=\"misspelling\" data-suggestions=\"[{&quot;value&quot;:&quot;ACO&quot;},{&quot;value&quot;:&quot;ACOMA&quot;},{&quot;value&quot;:&quot;ACOS&quot;},{&quot;value&quot;:&quot;WACOM&quot;}]\" data-rule=\"MORFOLOGIK_RULE_ES\" data-word=\"ACOM\">ACOM<\/span>).-Un sujeto fue detenido por agentes de la polic\u00eda municipal luego de robar un medidor de agua de un predio ubicado sobre la calle 29 entre 48 y 50.<\/p>\n<p><img loading=\"lazy\" decoding=\"async\" class=\"alignnone size-full wp-image-43326\" src=\"https:\/\/www.municipiosyucatan.com\/wp\/wp-content\/uploads\/2022\/03\/fyuuu.jpg\" alt=\"\" width=\"756\" height=\"425\" \/><\/p>\n<p style=\"text-align: justify;\">Emmanuel M.C., de 33 a\u00f1os de <span class=\"error grammar\" title=\"Probablemente falta una coma.\" data-type=\"grammar\" data-suggestions=\"[{&quot;value&quot;:&quot;edad,&quot;}]\" data-rule=\"AI_ES_HYDRA_LEO_MISSING_COMMA\" data-word=\"edad\">edad<\/span> pidi\u00f3 ayuda a la <span class=\"grammar correction\" title=\"Como locuci\u00f3n causal, se escribe con coma.\" data-type=\"grammar\" data-suggestions=\"[{&quot;value&quot;:&quot;polic\u00eda, ya que&quot;},{&quot;value&quot;:&quot;polic\u00eda porque&quot;}]\" data-rule=\"YA_QUE\" data-word=\"polic\u00eda ya que\">polic\u00eda, ya que<\/span> se encontraba dentro su predio y no se percat\u00f3 cuando le robaron el medidor de su toma de agua, lo cual caus\u00f3 una fuerte fuga. Al sitio acudi\u00f3 el personal de Agua Potable para reparar el desperfecto.<\/p>\n<p><img loading=\"lazy\" decoding=\"async\" class=\"alignnone size-full wp-image-43327\" src=\"https:\/\/www.municipiosyucatan.com\/wp\/wp-content\/uploads\/2022\/03\/IMG-20220327-WA0037.jpg\" alt=\"\" width=\"756\" height=\"629\" \/><\/p>\n<p style=\"text-align: justify;\">Los oficiales con ayuda de c\u00e1maras de vigilancia de un vecino lograron ver quien fue el responsable del hurto. M\u00e1s <span class=\"grammar correction\" title=\"Probablemente falta una coma.\" data-type=\"grammar\" data-suggestions=\"[{&quot;value&quot;:&quot;tarde,&quot;}]\" data-rule=\"AI_ES_HYDRA_LEO_MISSING_COMMA\" data-word=\"tarde\">tarde,<\/span> los oficiales localizaron al <span class=\"grammar correction\" title=\"Probablemente falta una coma.\" data-type=\"grammar\" data-suggestions=\"[{&quot;value&quot;:&quot;sujeto,&quot;}]\" data-rule=\"AI_ES_HYDRA_LEO_MISSING_COMMA\" data-word=\"sujeto\">sujeto,<\/span> quien iba a bordo de una <span class=\"grammar correction\" title=\"Probablemente falta una coma.\" data-type=\"grammar\" data-suggestions=\"[{&quot;value&quot;:&quot;bicicleta,&quot;}]\" data-rule=\"AI_ES_HYDRA_LEO_MISSING_COMMA\" data-word=\"bicicleta\">bicicleta,<\/span> quien dijo que efectivamente el robo el medidor para venderlo en chatarra.<\/p>\n<p><img loading=\"lazy\" decoding=\"async\" class=\"alignnone size-full wp-image-43328\" src=\"https:\/\/www.municipiosyucatan.com\/wp\/wp-content\/uploads\/2022\/03\/IMG-20220327-WA0047.jpg\" alt=\"\" width=\"756\" height=\"678\" \/><\/p>\n<p style=\"text-align: justify;\">Raz\u00f3n por el cual fue detenido y trasladado a la c\u00e1rcel p\u00fablica con <span class=\"grammar correction\" title=\"Si es adjetivo o nombre, se escribe con tilde.\" data-type=\"grammar\" data-suggestions=\"[{&quot;value&quot;:&quot;el art\u00edculo&quot;}]\" data-rule=\"DIACRITICS_VERB_N_ADJ\" data-word=\"el articulo\">el art\u00edculo<\/span> robado y herramientas que llevaba.<\/p>\n","protected":false},"excerpt":{"rendered":"<p>Los oficiales con ayuda de c\u00e1maras de vigilancia de un vecino lograron ver quien fue el responsable del hurto y m\u00e1s tarde detuvieron al ladr\u00f3n <\/p>\n","protected":false},"author":1,"featured_media":43326,"comment_status":"closed","ping_status":"closed","sticky":false,"template":"","format":"standard","meta":{"footnotes":""},"categories":[97,7705],"tags":[10046,5055,10605,10606,10607,3634,7152],"class_list":["post-43325","post","type-post","status-publish","format-standard","has-post-thumbnail","category-tizimin","category-yucatan-oriente","tag-detenido-por-robo","tag-policia","tag-ratero","tag-roba","tag-roba-un-medidor","tag-robo","tag-tizimin"],"_links":{"self":[{"href":"https:\/\/www.municipiosyucatan.com\/wp\/wp-json\/wp\/v2\/posts\/43325","targetHints":{"allow":["GET"]}}],"collection":[{"href":"https:\/\/www.municipiosyucatan.com\/wp\/wp-json\/wp\/v2\/posts"}],"about":[{"href":"https:\/\/www.municipiosyucatan.com\/wp\/wp-json\/wp\/v2\/types\/post"}],"author":[{"embeddable":true,"href":"https:\/\/www.municipiosyucatan.com\/wp\/wp-json\/wp\/v2\/users\/1"}],"replies":[{"embeddable":true,"href":"https:\/\/www.municipiosyucatan.com\/wp\/wp-json\/wp\/v2\/comments?post=43325"}],"version-history":[{"count":1,"href":"https:\/\/www.municipiosyucatan.com\/wp\/wp-json\/wp\/v2\/posts\/43325\/revisions"}],"predecessor-version":[{"id":43329,"href":"https:\/\/www.municipiosyucatan.com\/wp\/wp-json\/wp\/v2\/posts\/43325\/revisions\/43329"}],"wp:featuredmedia":[{"embeddable":true,"href":"https:\/\/www.municipiosyucatan.com\/wp\/wp-json\/wp\/v2\/media\/43326"}],"wp:attachment":[{"href":"https:\/\/www.municipiosyucatan.com\/wp\/wp-json\/wp\/v2\/media?parent=43325"}],"wp:term":[{"taxonomy":"category","embeddable":true,"href":"https:\/\/www.municipiosyucatan.com\/wp\/wp-json\/wp\/v2\/categories?post=43325"},{"taxonomy":"post_tag","embeddable":true,"href":"https:\/\/www.municipiosyucatan.com\/wp\/wp-json\/wp\/v2\/tags?post=43325"}],"curies":[{"name":"wp","href":"https:\/\/api.w.org\/{rel}","templated":true}]}}