{"id":43416,"date":"2022-03-31T13:32:54","date_gmt":"2022-03-31T19:32:54","guid":{"rendered":"https:\/\/www.municipiosyucatan.com\/wp\/?p=43416"},"modified":"2022-03-31T13:32:54","modified_gmt":"2022-03-31T19:32:54","slug":"al-doble-los-accidentes-en-la-carretera-merida-progreso","status":"publish","type":"post","link":"https:\/\/www.municipiosyucatan.com\/wp\/al-doble-los-accidentes-en-la-carretera-merida-progreso.html","title":{"rendered":"Al doble los accidentes en la carretera M\u00e9rida-Progreso"},"content":{"rendered":"<p style=\"text-align: justify;\">Progreso, Yucat\u00e1n, 31 de marzo de 2022 (ACOM).- Doble hecho de tr\u00e1nsito se registr\u00f3 en la carretera M\u00e9rida &#8211; Progreso, luego de que un automovilista se impacte contra una patrulla que abanderada el lugar de un accidente.<\/p>\n<p><img loading=\"lazy\" decoding=\"async\" class=\"alignnone size-full wp-image-43417\" src=\"https:\/\/www.municipiosyucatan.com\/wp\/wp-content\/uploads\/2022\/03\/IMG-20220330-3o237.jpg\" alt=\"\" width=\"756\" height=\"567\" srcset=\"https:\/\/www.municipiosyucatan.com\/wp\/wp-content\/uploads\/2022\/03\/IMG-20220330-3o237.jpg 756w, https:\/\/www.municipiosyucatan.com\/wp\/wp-content\/uploads\/2022\/03\/IMG-20220330-3o237-80x60.jpg 80w, https:\/\/www.municipiosyucatan.com\/wp\/wp-content\/uploads\/2022\/03\/IMG-20220330-3o237-265x198.jpg 265w\" sizes=\"auto, (max-width: 756px) 100vw, 756px\" \/><\/p>\n<p style=\"text-align: justify;\">Los hechos ocurrieron a la altura de la comisar\u00eda de Flamboyanes, cuando un hombre de la tercera edad fue embestido por un veh\u00edculo, esto cuando el peat\u00f3n cruz\u00f3 la v\u00eda sin precauci\u00f3n para entrar a la comisar\u00eda.<\/p>\n<p style=\"text-align: justify;\">Los testigos indican que un veh\u00edculo <span class=\"error misspelling\" title=\"Se ha encontrado un posible error ortogr\u00e1fico.\" data-type=\"misspelling\" data-suggestions=\"[{&quot;value&quot;:&quot;Jeta&quot;},{&quot;value&quot;:&quot;Jet ta&quot;}]\" data-rule=\"MORFOLOGIK_RULE_ES\" data-word=\"Jetta\">Jetta<\/span> Blanco fue el veh\u00edculo que embisti\u00f3 al hombre, otros automovilistas le brindaron auxilio al sujeto y solicitaron la presencia de la Polic\u00eda Municipal de Progreso.<\/p>\n<p><img loading=\"lazy\" decoding=\"async\" class=\"alignnone size-full wp-image-43418\" src=\"https:\/\/www.municipiosyucatan.com\/wp\/wp-content\/uploads\/2022\/03\/IMG-20220330-90038.jpg\" alt=\"\" width=\"756\" height=\"567\" srcset=\"https:\/\/www.municipiosyucatan.com\/wp\/wp-content\/uploads\/2022\/03\/IMG-20220330-90038.jpg 756w, https:\/\/www.municipiosyucatan.com\/wp\/wp-content\/uploads\/2022\/03\/IMG-20220330-90038-80x60.jpg 80w, https:\/\/www.municipiosyucatan.com\/wp\/wp-content\/uploads\/2022\/03\/IMG-20220330-90038-265x198.jpg 265w\" sizes=\"auto, (max-width: 756px) 100vw, 756px\" \/><\/p>\n<p style=\"text-align: justify;\">Elementos de la Secretar\u00eda de Seguridad P\u00fablica Estatal acordonaron la zona para evitar que otro hecho de tr\u00e1nsito se registre, tambi\u00e9n llegaron param\u00e9dicos de la dependencia para llegar a un hospital al hombre.<\/p>\n<p style=\"text-align: justify;\">Mientras se realizaban las <span class=\"grammar correction\" title=\"Probablemente falta una coma.\" data-type=\"grammar\" data-suggestions=\"[{&quot;value&quot;:&quot;indagatorias,&quot;}]\" data-rule=\"AI_ES_HYDRA_LEO_MISSING_COMMA\" data-word=\"indagatorias\">indagatorias,<\/span> un automovilista imprudente embisti\u00f3 a elementos de la SSP que abanderaban la zona, la patrulla estaba encendida con las torretas encendidas, el veh\u00edculo Nissan tipo <span class=\"error misspelling\" title=\"Se ha encontrado un posible error ortogr\u00e1fico.\" data-type=\"misspelling\" data-suggestions=\"[{&quot;value&quot;:&quot;Entra&quot;},{&quot;value&quot;:&quot;Centra&quot;},{&quot;value&quot;:&quot;Se\u00f1ora&quot;},{&quot;value&quot;:&quot;Sent\u00eda&quot;},{&quot;value&quot;:&quot;Sentar&quot;},{&quot;value&quot;:&quot;Sentir\u00e1&quot;},{&quot;value&quot;:&quot;Se\u00f1era&quot;}]\" data-rule=\"MORFOLOGIK_RULE_ES\" data-word=\"Sentra\">Sentra<\/span> era conducido por un adulto mayor.<\/p>\n<p style=\"text-align: justify;\">Tres elementos que estaban en la zona resultaron lesionados en la colisi\u00f3n, de inmediato llegaron param\u00e9dicos de la Cruz Roja Mexicana quienes se encargaron de trasladar a los oficiales al hospital, uno de ellos est\u00e1 lesionado de gravedad.<\/p>\n","protected":false},"excerpt":{"rendered":"<p>Primero un peat\u00f3n fue atropellado y luego un auto se impact\u00f3 contra polic\u00edas que abanderaban la zona del primer accidente <\/p>\n","protected":false},"author":1,"featured_media":43417,"comment_status":"closed","ping_status":"closed","sticky":false,"template":"","format":"standard","meta":{"footnotes":""},"categories":[60,7703],"tags":[10631,10517,5162,7132],"class_list":["post-43416","post","type-post","status-publish","format-standard","has-post-thumbnail","category-progreso","category-yucatan-norte","tag-accidnetes","tag-choques","tag-lesionados","tag-progreso"],"_links":{"self":[{"href":"https:\/\/www.municipiosyucatan.com\/wp\/wp-json\/wp\/v2\/posts\/43416","targetHints":{"allow":["GET"]}}],"collection":[{"href":"https:\/\/www.municipiosyucatan.com\/wp\/wp-json\/wp\/v2\/posts"}],"about":[{"href":"https:\/\/www.municipiosyucatan.com\/wp\/wp-json\/wp\/v2\/types\/post"}],"author":[{"embeddable":true,"href":"https:\/\/www.municipiosyucatan.com\/wp\/wp-json\/wp\/v2\/users\/1"}],"replies":[{"embeddable":true,"href":"https:\/\/www.municipiosyucatan.com\/wp\/wp-json\/wp\/v2\/comments?post=43416"}],"version-history":[{"count":1,"href":"https:\/\/www.municipiosyucatan.com\/wp\/wp-json\/wp\/v2\/posts\/43416\/revisions"}],"predecessor-version":[{"id":43419,"href":"https:\/\/www.municipiosyucatan.com\/wp\/wp-json\/wp\/v2\/posts\/43416\/revisions\/43419"}],"wp:featuredmedia":[{"embeddable":true,"href":"https:\/\/www.municipiosyucatan.com\/wp\/wp-json\/wp\/v2\/media\/43417"}],"wp:attachment":[{"href":"https:\/\/www.municipiosyucatan.com\/wp\/wp-json\/wp\/v2\/media?parent=43416"}],"wp:term":[{"taxonomy":"category","embeddable":true,"href":"https:\/\/www.municipiosyucatan.com\/wp\/wp-json\/wp\/v2\/categories?post=43416"},{"taxonomy":"post_tag","embeddable":true,"href":"https:\/\/www.municipiosyucatan.com\/wp\/wp-json\/wp\/v2\/tags?post=43416"}],"curies":[{"name":"wp","href":"https:\/\/api.w.org\/{rel}","templated":true}]}}