{"id":44537,"date":"2022-05-17T15:55:19","date_gmt":"2022-05-17T20:55:19","guid":{"rendered":"https:\/\/www.municipiosyucatan.com\/wp\/?p=44537"},"modified":"2022-05-17T15:55:19","modified_gmt":"2022-05-17T20:55:19","slug":"atrapan-al-chicote-presunto-feminicida-de-huhi","status":"publish","type":"post","link":"https:\/\/www.municipiosyucatan.com\/wp\/atrapan-al-chicote-presunto-feminicida-de-huhi.html","title":{"rendered":"Atrapan al \u00abChicote\u00bb, presunto feminicida de Huh\u00ed"},"content":{"rendered":"<p style=\"text-align: justify;\"><span class=\"error misspelling\" title=\"Se ha encontrado un posible error ortogr\u00e1fico.\" data-type=\"misspelling\" data-suggestions=\"[{&quot;value&quot;:&quot;Hur\u00ed&quot;},{&quot;value&quot;:&quot;Hui&quot;},{&quot;value&quot;:&quot;Hut\u00ed&quot;}]\" data-rule=\"MORFOLOGIK_RULE_ES\" data-word=\"Huh\u00ed\">Huh\u00ed<\/span>, Yucat\u00e1n, 17 de mayo de 2022 (<span class=\"error misspelling\" title=\"Se ha encontrado un posible error ortogr\u00e1fico.\" data-type=\"misspelling\" data-suggestions=\"[{&quot;value&quot;:&quot;ACO&quot;},{&quot;value&quot;:&quot;ACOMA&quot;},{&quot;value&quot;:&quot;ACOS&quot;},{&quot;value&quot;:&quot;ACO M&quot;},{&quot;value&quot;:&quot;WACOM&quot;}]\" data-rule=\"MORFOLOGIK_RULE_ES\" data-word=\"ACOM\">ACOM<\/span>).-Hoy por la ma\u00f1ana, Roger Ben\u00edtez comparti\u00f3 en sus redes sociales la noticia de que hab\u00edan atrapado al famoso Chicote de <span class=\"error misspelling\" title=\"Se ha encontrado un posible error ortogr\u00e1fico.\" data-type=\"misspelling\" data-suggestions=\"[{&quot;value&quot;:&quot;Acanche&quot;}]\" data-rule=\"MORFOLOGIK_RULE_ES\" data-word=\"Acanceh\">Acanceh<\/span>, supuesto feminicida de Esther Polanco, el <span class=\"grammar correction\" title=\"Si no es interrogativo, se escribe sin tilde.\" data-type=\"grammar\" data-suggestions=\"[{&quot;value&quot;:&quot;cual&quot;}]\" data-rule=\"CUAL_SIN_TILDE\" data-word=\"cu\u00e1l\">cual<\/span> se encontraba en montes del municipio.<\/p>\n<p><img loading=\"lazy\" decoding=\"async\" class=\"alignnone size-full wp-image-44538\" src=\"https:\/\/www.municipiosyucatan.com\/wp\/wp-content\/uploads\/2022\/05\/FB_IMG_1652803386247.jpg\" alt=\"\" width=\"756\" height=\"589\" \/><\/p>\n<p style=\"text-align: justify;\">Sin embargo, de fuentes extraoficiales se tiene conocimiento de que Esther hab\u00eda reportado en m\u00faltiples ocasiones el maltrato que padec\u00eda y el acoso que su expareja le propinaba, sin que autoridades municipales ni estatales hicieran caso a sus solicitudes.<\/p>\n<p><img loading=\"lazy\" decoding=\"async\" class=\"alignnone size-full wp-image-44539\" src=\"https:\/\/www.municipiosyucatan.com\/wp\/wp-content\/uploads\/2022\/05\/FB_IMG_1652803391994.jpg\" alt=\"\" width=\"756\" height=\"504\" \/><\/p>\n<p style=\"text-align: justify;\">Ahora el alcalde Ben\u00edtez festeja algo que \u00e9l junto a su ayuntamiento y el gobierno estatal pudieron prevenir, s\u00ed tan solo las instituciones encargadas sobre temas de la mujer hubieran operado con seriedad y eficacia como se requiere.<\/p>\n<p><img loading=\"lazy\" decoding=\"async\" class=\"alignnone size-full wp-image-44540\" src=\"https:\/\/www.municipiosyucatan.com\/wp\/wp-content\/uploads\/2022\/05\/FB_IMG_1652803404270.jpg\" alt=\"\" width=\"756\" height=\"504\" \/><\/p>\n","protected":false},"excerpt":{"rendered":"<p>De acuerdo con autoridades municipales, el hombre una est\u00e1 en custodia. Sin embargo, amigos y familiares se\u00f1alan que la ahora occisa ya habr\u00eda reportado los maltratos por parte del hombre con anterioridad, pero nunca fue auxiliada <\/p>\n","protected":false},"author":1,"featured_media":44538,"comment_status":"closed","ping_status":"closed","sticky":false,"template":"","format":"standard","meta":{"footnotes":""},"categories":[38,7707],"tags":[8950,11021,7930,8328,8563,11022],"class_list":["post-44537","post","type-post","status-publish","format-standard","has-post-thumbnail","category-huhi","category-yucatan-centro","tag-asesino","tag-detenido-por-asesinato","tag-feminicida","tag-feminicidio","tag-huhi","tag-mata-a-su-expareja"],"_links":{"self":[{"href":"https:\/\/www.municipiosyucatan.com\/wp\/wp-json\/wp\/v2\/posts\/44537","targetHints":{"allow":["GET"]}}],"collection":[{"href":"https:\/\/www.municipiosyucatan.com\/wp\/wp-json\/wp\/v2\/posts"}],"about":[{"href":"https:\/\/www.municipiosyucatan.com\/wp\/wp-json\/wp\/v2\/types\/post"}],"author":[{"embeddable":true,"href":"https:\/\/www.municipiosyucatan.com\/wp\/wp-json\/wp\/v2\/users\/1"}],"replies":[{"embeddable":true,"href":"https:\/\/www.municipiosyucatan.com\/wp\/wp-json\/wp\/v2\/comments?post=44537"}],"version-history":[{"count":1,"href":"https:\/\/www.municipiosyucatan.com\/wp\/wp-json\/wp\/v2\/posts\/44537\/revisions"}],"predecessor-version":[{"id":44541,"href":"https:\/\/www.municipiosyucatan.com\/wp\/wp-json\/wp\/v2\/posts\/44537\/revisions\/44541"}],"wp:featuredmedia":[{"embeddable":true,"href":"https:\/\/www.municipiosyucatan.com\/wp\/wp-json\/wp\/v2\/media\/44538"}],"wp:attachment":[{"href":"https:\/\/www.municipiosyucatan.com\/wp\/wp-json\/wp\/v2\/media?parent=44537"}],"wp:term":[{"taxonomy":"category","embeddable":true,"href":"https:\/\/www.municipiosyucatan.com\/wp\/wp-json\/wp\/v2\/categories?post=44537"},{"taxonomy":"post_tag","embeddable":true,"href":"https:\/\/www.municipiosyucatan.com\/wp\/wp-json\/wp\/v2\/tags?post=44537"}],"curies":[{"name":"wp","href":"https:\/\/api.w.org\/{rel}","templated":true}]}}