{"id":44673,"date":"2022-05-23T08:04:08","date_gmt":"2022-05-23T13:04:08","guid":{"rendered":"https:\/\/www.municipiosyucatan.com\/wp\/?p=44673"},"modified":"2022-05-23T08:04:08","modified_gmt":"2022-05-23T13:04:08","slug":"choque-con-herido-en-la-carretera-merida-cancun","status":"publish","type":"post","link":"https:\/\/www.municipiosyucatan.com\/wp\/choque-con-herido-en-la-carretera-merida-cancun.html","title":{"rendered":"Choque con herido en la carretera M\u00e9rida-Canc\u00fan"},"content":{"rendered":"<p style=\"text-align: justify;\">Valladolid, Yucat\u00e1n, 23 de mayo de 2022 (<span class=\"error misspelling\" title=\"Se ha encontrado un posible error ortogr\u00e1fico.\" data-type=\"misspelling\" data-suggestions=\"[{&quot;value&quot;:&quot;ACO&quot;},{&quot;value&quot;:&quot;ACOMA&quot;},{&quot;value&quot;:&quot;ACOS&quot;},{&quot;value&quot;:&quot;ACO M&quot;},{&quot;value&quot;:&quot;WACOM&quot;}]\" data-rule=\"MORFOLOGIK_RULE_ES\" data-word=\"ACOM\">ACOM<\/span>).-En la carretera federal libre M\u00e9rida-Canc\u00fan 218, en donde un veh\u00edculo Suzuki <span class=\"error misspelling\" title=\"Se ha encontrado un posible error ortogr\u00e1fico.\" data-type=\"misspelling\" data-suggestions=\"[{&quot;value&quot;:&quot;SWIFT&quot;},{&quot;value&quot;:&quot;Swift&quot;}]\" data-rule=\"MORFOLOGIK_RULE_ES\" data-word=\"Swif\">Swif<\/span> color blanco con placas de Q. Roo, el cual <span class=\"misspelling correction\" title=\"Se ha encontrado un posible error ortogr\u00e1fico.\" data-type=\"misspelling\" data-suggestions=\"[{&quot;value&quot;:&quot;conduc\u00eda&quot;},{&quot;value&quot;:&quot;conducta&quot;},{&quot;value&quot;:&quot;conducir&quot;},{&quot;value&quot;:&quot;conducida&quot;},{&quot;value&quot;:&quot;conducir\u00e1&quot;},{&quot;value&quot;:&quot;conduc\u00edan&quot;},{&quot;value&quot;:&quot;conducid&quot;}]\" data-rule=\"MORFOLOGIK_RULE_ES\" data-word=\"conducia\">conduc\u00eda<\/span> C.G.Q. P. de 38 a\u00f1os, quien al llegar al kil\u00f3metro mencionado, a falta de <span class=\"error misspelling\" title=\"Se ha encontrado un posible error ortogr\u00e1fico.\" data-type=\"misspelling\" data-suggestions=\"[{&quot;value&quot;:&quot;precauci\u00f3n&quot;},{&quot;value&quot;:&quot;predaci\u00f3n&quot;},{&quot;value&quot;:&quot;prelaci\u00f3n&quot;},{&quot;value&quot;:&quot;prefaci\u00f3n&quot;}]\" data-rule=\"MORFOLOGIK_RULE_ES\" data-word=\"precacion\">precacion<\/span>, al no guardar la distancia debida, <span class=\"misspelling correction\" title=\"Se ha encontrado un posible error ortogr\u00e1fico.\" data-type=\"misspelling\" data-suggestions=\"[{&quot;value&quot;:&quot;colision\u00f3&quot;},{&quot;value&quot;:&quot;colisiono&quot;}]\" data-rule=\"MORFOLOGIK_RULE_ES\" data-word=\"colosion\u00f3\">colision\u00f3<\/span> con su parte frontal en la parte posterior un <span class=\"grammar correction\" title=\"Si es adjetivo o nombre, se escribe con tilde.\" data-type=\"grammar\" data-suggestions=\"[{&quot;value&quot;:&quot;veh\u00edculo&quot;}]\" data-rule=\"DIACRITICS_02\" data-word=\"vehiculo\">veh\u00edculo<\/span> Honda City color blanco con placas de Q. Roo el cual <span class=\"misspelling correction\" title=\"Se ha encontrado un posible error ortogr\u00e1fico.\" data-type=\"misspelling\" data-suggestions=\"[{&quot;value&quot;:&quot;conduc\u00eda&quot;},{&quot;value&quot;:&quot;conducta&quot;},{&quot;value&quot;:&quot;conducir&quot;},{&quot;value&quot;:&quot;conducida&quot;},{&quot;value&quot;:&quot;conducir\u00e1&quot;},{&quot;value&quot;:&quot;conduc\u00edan&quot;},{&quot;value&quot;:&quot;conducid&quot;}]\" data-rule=\"MORFOLOGIK_RULE_ES\" data-word=\"conducia\">conduc\u00eda<\/span> M.A.J.M. de 27 a\u00f1os.<\/p>\n<p><img loading=\"lazy\" decoding=\"async\" class=\"alignnone size-full wp-image-44674\" src=\"https:\/\/www.municipiosyucatan.com\/wp\/wp-content\/uploads\/2022\/05\/IMG-20220521-WA0024.jpg\" alt=\"\" width=\"756\" height=\"340\" \/><\/p>\n<p style=\"text-align: justify;\"><span class=\"misspelling correction\" title=\"Se ha encontrado un posible error ortogr\u00e1fico.\" data-type=\"misspelling\" data-suggestions=\"[{&quot;value&quot;:&quot;Param\u00e9dicos&quot;},{&quot;value&quot;:&quot;Param\u00e9dicas&quot;},{&quot;value&quot;:&quot;Param\u00e9dico&quot;}]\" data-rule=\"MORFOLOGIK_RULE_ES\" data-word=\"Paramedicos\">Param\u00e9dicos<\/span> de la Cruz Roja valoraron a la segunda conductora en menci\u00f3n, quien debido a un dolor fuerte en la espalda, fue trasladada al Hospital General de Valladolid, para su mejor <span class=\"misspelling correction\" title=\"Se ha encontrado un posible error ortogr\u00e1fico.\" data-type=\"misspelling\" data-suggestions=\"[{&quot;value&quot;:&quot;atenci\u00f3n&quot;},{&quot;value&quot;:&quot;tenci\u00f3n&quot;}]\" data-rule=\"MORFOLOGIK_RULE_ES\" data-word=\"atencion\">atenci\u00f3n<\/span> y <span class=\"misspelling correction\" title=\"Se ha encontrado un posible error ortogr\u00e1fico.\" data-type=\"misspelling\" data-suggestions=\"[{&quot;value&quot;:&quot;valoraci\u00f3n&quot;},{&quot;value&quot;:&quot;vaporaci\u00f3n&quot;}]\" data-rule=\"MORFOLOGIK_RULE_ES\" data-word=\"valoracion\">valoraci\u00f3n<\/span> <span class=\"grammar correction\" title=\"Si es adjetivo o nombre, se escribe con tilde.\" data-type=\"grammar\" data-suggestions=\"[{&quot;value&quot;:&quot;m\u00e9dica&quot;}]\" data-rule=\"DIACRITICS_03\" data-word=\"medica\">m\u00e9dica<\/span>.<\/p>\n<p><img loading=\"lazy\" decoding=\"async\" class=\"alignnone size-full wp-image-44675\" src=\"https:\/\/www.municipiosyucatan.com\/wp\/wp-content\/uploads\/2022\/05\/IMG-20220521-WA0025.jpg\" alt=\"\" width=\"756\" height=\"328\" \/><\/p>\n<p style=\"text-align: justify;\">Elementos de la SSP y Guarda Nacional, <span class=\"misspelling correction\" title=\"Se ha encontrado un posible error ortogr\u00e1fico.\" data-type=\"misspelling\" data-suggestions=\"[{&quot;value&quot;:&quot;Divisi\u00f3n&quot;},{&quot;value&quot;:&quot;Dimisi\u00f3n&quot;}]\" data-rule=\"MORFOLOGIK_RULE_ES\" data-word=\"Division\">Divisi\u00f3n<\/span> Caminos y Carreteras, abanderaron el sitio a fin de evitar <span class=\"grammar correction\" title=\"Si no equivale a \u2018pero\u2019 o \u2018sino\u2019, se escribe con tilde.\" data-type=\"grammar\" data-suggestions=\"[{&quot;value&quot;:&quot;m\u00e1s&quot;}]\" data-rule=\"MAS\" data-word=\"mas\">m\u00e1s<\/span> accidentes.<\/p>\n","protected":false},"excerpt":{"rendered":"<p>La conductora de una de las unidades involucradas en el siniestro debi\u00f3 ser trasladada a un hospital por presentar un fuerte dolor en la espalda <\/p>\n","protected":false},"author":1,"featured_media":44675,"comment_status":"closed","ping_status":"closed","sticky":false,"template":"","format":"standard","meta":{"footnotes":""},"categories":[103,7705],"tags":[3175,3331,10563,8590,3246],"class_list":["post-44673","post","type-post","status-publish","format-standard","has-post-thumbnail","category-valladolid","category-yucatan-oriente","tag-accidente","tag-choque","tag-herido-en-accidente","tag-paramedicos","tag-valladolid-2"],"_links":{"self":[{"href":"https:\/\/www.municipiosyucatan.com\/wp\/wp-json\/wp\/v2\/posts\/44673","targetHints":{"allow":["GET"]}}],"collection":[{"href":"https:\/\/www.municipiosyucatan.com\/wp\/wp-json\/wp\/v2\/posts"}],"about":[{"href":"https:\/\/www.municipiosyucatan.com\/wp\/wp-json\/wp\/v2\/types\/post"}],"author":[{"embeddable":true,"href":"https:\/\/www.municipiosyucatan.com\/wp\/wp-json\/wp\/v2\/users\/1"}],"replies":[{"embeddable":true,"href":"https:\/\/www.municipiosyucatan.com\/wp\/wp-json\/wp\/v2\/comments?post=44673"}],"version-history":[{"count":1,"href":"https:\/\/www.municipiosyucatan.com\/wp\/wp-json\/wp\/v2\/posts\/44673\/revisions"}],"predecessor-version":[{"id":44676,"href":"https:\/\/www.municipiosyucatan.com\/wp\/wp-json\/wp\/v2\/posts\/44673\/revisions\/44676"}],"wp:featuredmedia":[{"embeddable":true,"href":"https:\/\/www.municipiosyucatan.com\/wp\/wp-json\/wp\/v2\/media\/44675"}],"wp:attachment":[{"href":"https:\/\/www.municipiosyucatan.com\/wp\/wp-json\/wp\/v2\/media?parent=44673"}],"wp:term":[{"taxonomy":"category","embeddable":true,"href":"https:\/\/www.municipiosyucatan.com\/wp\/wp-json\/wp\/v2\/categories?post=44673"},{"taxonomy":"post_tag","embeddable":true,"href":"https:\/\/www.municipiosyucatan.com\/wp\/wp-json\/wp\/v2\/tags?post=44673"}],"curies":[{"name":"wp","href":"https:\/\/api.w.org\/{rel}","templated":true}]}}