{"id":44826,"date":"2022-05-29T08:41:57","date_gmt":"2022-05-29T13:41:57","guid":{"rendered":"https:\/\/www.municipiosyucatan.com\/wp\/?p=44826"},"modified":"2022-05-29T08:41:57","modified_gmt":"2022-05-29T13:41:57","slug":"pierde-el-control-de-su-auto-y-se-estrella-de-frente-con-otro-conductor","status":"publish","type":"post","link":"https:\/\/www.municipiosyucatan.com\/wp\/pierde-el-control-de-su-auto-y-se-estrella-de-frente-con-otro-conductor.html","title":{"rendered":"Pierde el control de su auto y se estrella de frente con otro conductor"},"content":{"rendered":"<p style=\"text-align: justify;\">Valladolid, Yucat\u00e1n, 29 de mayo de 2022 (<span class=\"error misspelling\" title=\"Se ha encontrado un posible error ortogr\u00e1fico.\" data-type=\"misspelling\" data-suggestions=\"[{&quot;value&quot;:&quot;ACO&quot;},{&quot;value&quot;:&quot;ACOMA&quot;},{&quot;value&quot;:&quot;ACOS&quot;},{&quot;value&quot;:&quot;ACO M&quot;},{&quot;value&quot;:&quot;WACOM&quot;}]\" data-rule=\"MORFOLOGIK_RULE_ES\" data-word=\"ACOM\">ACOM<\/span>).-Un aparatoso choque se registr\u00f3 en el trascurso de la ma\u00f1ana del s\u00e1bado en el kil\u00f3metro 159 + 500 de la autopista M\u00e9rida-Canc\u00fan.<\/p>\n<p><img loading=\"lazy\" decoding=\"async\" class=\"alignnone size-full wp-image-44827\" src=\"https:\/\/www.municipiosyucatan.com\/wp\/wp-content\/uploads\/2022\/05\/IMG-20220528-WA0023.jpg\" alt=\"\" width=\"756\" height=\"368\" \/><\/p>\n<p style=\"text-align: justify;\">El hecho se suscit\u00f3 cuando el chofer de un auto Ford Eco Sport, color <span class=\"grammar correction\" title=\"Probablemente falta una coma.\" data-type=\"grammar\" data-suggestions=\"[{&quot;value&quot;:&quot;dorado,&quot;}]\" data-rule=\"AI_ES_HYDRA_LEO_MISSING_COMMA\" data-word=\"dorado\">dorado,<\/span> circulaba de Oriente a Poniente, por descuido perdi\u00f3 el control de su volante y se sali\u00f3 de la carretera, al querer <span class=\"grammar correction\" title=\"Probablemente falta una coma.\" data-type=\"grammar\" data-suggestions=\"[{&quot;value&quot;:&quot;reincorporarse,&quot;}]\" data-rule=\"AI_ES_HYDRA_LEO_MISSING_COMMA\" data-word=\"reincorporarse\">reincorporarse,<\/span> invadi\u00f3 el carril contrario y choc\u00f3 contra un veh\u00edculo <span class=\"error misspelling\" title=\"Se ha encontrado un posible error ortogr\u00e1fico.\" data-type=\"misspelling\" data-suggestions=\"[{&quot;value&quot;:&quot;Urbana&quot;},{&quot;value&quot;:&quot;Urbano&quot;},{&quot;value&quot;:&quot;Curvan&quot;},{&quot;value&quot;:&quot;Turban&quot;},{&quot;value&quot;:&quot;Urdan&quot;},{&quot;value&quot;:&quot;Urjan&quot;}]\" data-rule=\"MORFOLOGIK_RULE_ES\" data-word=\"Urban\">Urban<\/span> habilitado para el trasporte de personas de conocida empresa.<\/p>\n<p><img loading=\"lazy\" decoding=\"async\" class=\"alignnone size-full wp-image-44828\" src=\"https:\/\/www.municipiosyucatan.com\/wp\/wp-content\/uploads\/2022\/05\/IMG-20220528-WA0024.jpg\" alt=\"\" width=\"756\" height=\"368\" \/><\/p>\n<p style=\"text-align: justify;\">Al sitio llegaron param\u00e9dicos de la Cruz <span class=\"error grammar\" title=\"Probablemente falta una coma.\" data-type=\"grammar\" data-suggestions=\"[{&quot;value&quot;:&quot;Roja,&quot;}]\" data-rule=\"AI_ES_HYDRA_LEO_MISSING_COMMA\" data-word=\"Roja\">Roja<\/span> quienes trasladaron a los conductores de ambos veh\u00edculos al Hospital San Carlos para su atenci\u00f3n m\u00e9dica.<\/p>\n<p><img loading=\"lazy\" decoding=\"async\" class=\"alignnone size-full wp-image-44829\" src=\"https:\/\/www.municipiosyucatan.com\/wp\/wp-content\/uploads\/2022\/05\/IMG-20220528-WA0025.jpg\" alt=\"\" width=\"756\" height=\"368\" \/><\/p>\n<p style=\"text-align: justify;\">En tanto, polic\u00edas municipales y de la SSP abanderaron la zona y tomaron conocimiento de lo sucedido.<\/p>\n","protected":false},"excerpt":{"rendered":"<p>Al sitio llegaron param\u00e9dicos de la Cruz Roja quienes trasladaron a los conductores de ambos veh\u00edculos al Hospital San Carlos para su atenci\u00f3n m\u00e9dica.<\/p>\n","protected":false},"author":1,"featured_media":44829,"comment_status":"closed","ping_status":"closed","sticky":false,"template":"","format":"standard","meta":{"footnotes":""},"categories":[103,7705],"tags":[3175,3331,11119,9919,3246],"class_list":["post-44826","post","type-post","status-publish","format-standard","has-post-thumbnail","category-valladolid","category-yucatan-oriente","tag-accidente","tag-choque","tag-choque-con-lesionados","tag-se-sale-del-camino","tag-valladolid-2"],"_links":{"self":[{"href":"https:\/\/www.municipiosyucatan.com\/wp\/wp-json\/wp\/v2\/posts\/44826","targetHints":{"allow":["GET"]}}],"collection":[{"href":"https:\/\/www.municipiosyucatan.com\/wp\/wp-json\/wp\/v2\/posts"}],"about":[{"href":"https:\/\/www.municipiosyucatan.com\/wp\/wp-json\/wp\/v2\/types\/post"}],"author":[{"embeddable":true,"href":"https:\/\/www.municipiosyucatan.com\/wp\/wp-json\/wp\/v2\/users\/1"}],"replies":[{"embeddable":true,"href":"https:\/\/www.municipiosyucatan.com\/wp\/wp-json\/wp\/v2\/comments?post=44826"}],"version-history":[{"count":1,"href":"https:\/\/www.municipiosyucatan.com\/wp\/wp-json\/wp\/v2\/posts\/44826\/revisions"}],"predecessor-version":[{"id":44830,"href":"https:\/\/www.municipiosyucatan.com\/wp\/wp-json\/wp\/v2\/posts\/44826\/revisions\/44830"}],"wp:featuredmedia":[{"embeddable":true,"href":"https:\/\/www.municipiosyucatan.com\/wp\/wp-json\/wp\/v2\/media\/44829"}],"wp:attachment":[{"href":"https:\/\/www.municipiosyucatan.com\/wp\/wp-json\/wp\/v2\/media?parent=44826"}],"wp:term":[{"taxonomy":"category","embeddable":true,"href":"https:\/\/www.municipiosyucatan.com\/wp\/wp-json\/wp\/v2\/categories?post=44826"},{"taxonomy":"post_tag","embeddable":true,"href":"https:\/\/www.municipiosyucatan.com\/wp\/wp-json\/wp\/v2\/tags?post=44826"}],"curies":[{"name":"wp","href":"https:\/\/api.w.org\/{rel}","templated":true}]}}