{"id":45480,"date":"2022-06-22T20:17:33","date_gmt":"2022-06-23T01:17:33","guid":{"rendered":"https:\/\/www.municipiosyucatan.com\/wp\/?p=45480"},"modified":"2022-06-22T20:17:33","modified_gmt":"2022-06-23T01:17:33","slug":"padres-denuncian-que-autoridades-les-quitaron-a-su-hija-de-tan-solo-un-ano-piden-recuperarla","status":"publish","type":"post","link":"https:\/\/www.municipiosyucatan.com\/wp\/padres-denuncian-que-autoridades-les-quitaron-a-su-hija-de-tan-solo-un-ano-piden-recuperarla.html","title":{"rendered":"Padres denuncian que autoridades les quitaron a su hija de tan solo un a\u00f1o; piden recuperarla"},"content":{"rendered":"<p style=\"text-align: justify;\"><span class=\"error misspelling\" title=\"Se ha encontrado un posible error ortogr\u00e1fico.\" data-type=\"misspelling\" data-suggestions=\"[{&quot;value&quot;:&quot;Acanche&quot;}]\" data-rule=\"MORFOLOGIK_RULE_ES\" data-word=\"Acanceh\">Acanceh<\/span>, Yucat\u00e1n, 22 de junio de 2022 (<span class=\"error misspelling\" title=\"Se ha encontrado un posible error ortogr\u00e1fico.\" data-type=\"misspelling\" data-suggestions=\"[{&quot;value&quot;:&quot;ACO&quot;},{&quot;value&quot;:&quot;ACOMA&quot;},{&quot;value&quot;:&quot;ACOS&quot;},{&quot;value&quot;:&quot;ACO M&quot;},{&quot;value&quot;:&quot;WACOM&quot;}]\" data-rule=\"MORFOLOGIK_RULE_ES\" data-word=\"ACOM\">ACOM<\/span>).- Como si se tratar\u00e1 de una pesadilla, la familia S\u00e1nchez Pech vive un calvario por no saber nada sobre su hijita Sof\u00eda, la cual fue alejada de su lado por el <span class=\"error misspelling\" title=\"Se ha encontrado un posible error ortogr\u00e1fico.\" data-type=\"misspelling\" data-suggestions=\"[{&quot;value&quot;:&quot;D\u00cdA&quot;},{&quot;value&quot;:&quot;DIO&quot;},{&quot;value&quot;:&quot;DI&quot;},{&quot;value&quot;:&quot;DIN&quot;},{&quot;value&quot;:&quot;ADIF&quot;},{&quot;value&quot;:&quot;CIF&quot;},{&quot;value&quot;:&quot;GIF&quot;}]\" data-rule=\"MORFOLOGIK_RULE_ES\" data-word=\"DIF\">DIF<\/span> Estatal.<\/p>\n<p style=\"text-align: justify;\">Y es que al parecer, en una jugada orquestada, sin notificaciones, sin visitas de trabajadores sociales, ni \u00f3rdenes polic\u00edacas, tanto el <span class=\"error misspelling\" title=\"Se ha encontrado un posible error ortogr\u00e1fico.\" data-type=\"misspelling\" data-suggestions=\"[{&quot;value&quot;:&quot;D\u00cdA&quot;},{&quot;value&quot;:&quot;DIO&quot;},{&quot;value&quot;:&quot;DI&quot;},{&quot;value&quot;:&quot;DIN&quot;},{&quot;value&quot;:&quot;ADIF&quot;},{&quot;value&quot;:&quot;CIF&quot;},{&quot;value&quot;:&quot;GIF&quot;}]\" data-rule=\"MORFOLOGIK_RULE_ES\" data-word=\"DIF\">DIF<\/span> municipal, como el <span class=\"error misspelling\" title=\"Se ha encontrado un posible error ortogr\u00e1fico.\" data-type=\"misspelling\" data-suggestions=\"[{&quot;value&quot;:&quot;D\u00cdA&quot;},{&quot;value&quot;:&quot;DIO&quot;},{&quot;value&quot;:&quot;DI&quot;},{&quot;value&quot;:&quot;DIN&quot;},{&quot;value&quot;:&quot;ADIF&quot;},{&quot;value&quot;:&quot;CIF&quot;},{&quot;value&quot;:&quot;GIF&quot;}]\" data-rule=\"MORFOLOGIK_RULE_ES\" data-word=\"DIF\">DIF<\/span> Estatal, polic\u00edas municipales y hasta la fiscal\u00eda general, separaron a los padres de familia de la ni\u00f1a de tan solo un a\u00f1o de edad.<\/p>\n<p><img loading=\"lazy\" decoding=\"async\" class=\"alignnone size-full wp-image-45481\" src=\"https:\/\/www.municipiosyucatan.com\/wp\/wp-content\/uploads\/2022\/06\/IMG_20220618_133816764_HDR.jpg\" alt=\"\" width=\"756\" height=\"567\" srcset=\"https:\/\/www.municipiosyucatan.com\/wp\/wp-content\/uploads\/2022\/06\/IMG_20220618_133816764_HDR.jpg 756w, https:\/\/www.municipiosyucatan.com\/wp\/wp-content\/uploads\/2022\/06\/IMG_20220618_133816764_HDR-80x60.jpg 80w, https:\/\/www.municipiosyucatan.com\/wp\/wp-content\/uploads\/2022\/06\/IMG_20220618_133816764_HDR-265x198.jpg 265w\" sizes=\"auto, (max-width: 756px) 100vw, 756px\" \/><\/p>\n<p style=\"text-align: justify;\">Fue el 01 de marzo cuando la madre se llev\u00f3 a la ni\u00f1a al hospital IMSS Bienestar de <span class=\"error misspelling\" title=\"Se ha encontrado un posible error ortogr\u00e1fico.\" data-type=\"misspelling\" data-suggestions=\"[{&quot;value&quot;:&quot;Acanche&quot;}]\" data-rule=\"MORFOLOGIK_RULE_ES\" data-word=\"Acanceh\">Acanceh<\/span> para su consulta, en d\u00f3nde luego de revisarla fue trasladada hasta el Hospital de la Amistad Corea &#8211; M\u00e9xico, en d\u00f3nde la peque\u00f1a fue diagnosticada con un cuadro de desnutrici\u00f3n, lo que llev\u00f3 a los doctores a pedirle a la madre de familia, Silvia G<span class=\"error grammar\" title=\"Falta un espacio tras el punto.\" data-type=\"grammar\" data-suggestions=\"[{&quot;value&quot;:&quot;. Pech&quot;}]\" data-rule=\"ESPACIO_DESPUES_DE_PUNTO\" data-word=\".Pech\">.Pech<\/span> Campos de 24 a\u00f1os que se internara junto a su hija, por lo <span class=\"error grammar\" title=\"Si no es interrogativo, se escribe sin tilde.\" data-type=\"grammar\" data-suggestions=\"[{&quot;value&quot;:&quot;cual&quot;}]\" data-rule=\"CUAL_SIN_TILDE\" data-word=\"cu\u00e1l\">cu\u00e1l<\/span> se neg\u00f3; ya que su esposo se encontraba trabajando y no hab\u00eda ning\u00fan familiar con ella, por lo que regres\u00f3 al municipio de <span class=\"error misspelling\" title=\"Se ha encontrado un posible error ortogr\u00e1fico.\" data-type=\"misspelling\" data-suggestions=\"[{&quot;value&quot;:&quot;Acanche&quot;}]\" data-rule=\"MORFOLOGIK_RULE_ES\" data-word=\"Acanceh\">Acanceh<\/span> con su hoja diagn\u00f3stica y medicamentos.<\/p>\n<p style=\"text-align: justify;\">Sin embargo, todo cambiar\u00eda al siguiente d\u00eda, <span class=\"grammar correction\" title=\"Esta expresi\u00f3n ya ha aparecido antes. Puede sustituirla por otra para hacer m\u00e1s variado el texto.\" data-type=\"grammar\" data-suggestions=\"[{&quot;value&quot;:&quot;porque&quot;},{&quot;value&quot;:&quot;puesto que&quot;},{&quot;value&quot;:&quot;por el hecho de que&quot;},{&quot;value&quot;:&quot;pues&quot;}]\" data-rule=\"REP_YA_QUE\" data-word=\"ya que\">porque<\/span> el 02 de marzo por la ma\u00f1ana, personal del <span class=\"error misspelling\" title=\"Se ha encontrado un posible error ortogr\u00e1fico.\" data-type=\"misspelling\" data-suggestions=\"[{&quot;value&quot;:&quot;D\u00cdA&quot;},{&quot;value&quot;:&quot;DIO&quot;},{&quot;value&quot;:&quot;DI&quot;},{&quot;value&quot;:&quot;DIN&quot;},{&quot;value&quot;:&quot;ADIF&quot;},{&quot;value&quot;:&quot;CIF&quot;},{&quot;value&quot;:&quot;GIF&quot;}]\" data-rule=\"MORFOLOGIK_RULE_ES\" data-word=\"DIF\">DIF<\/span> municipal lleg\u00f3 a la humilde casa de la familia, en d\u00f3nde junto a m\u00e9dicos (los cuales no se <span class=\"misspelling correction\" title=\"Se ha encontrado un posible error ortogr\u00e1fico.\" data-type=\"misspelling\" data-suggestions=\"[{&quot;value&quot;:&quot;identificaron&quot;}]\" data-rule=\"MORFOLOGIK_RULE_ES\" data-word=\"indentificaron\">identificaron<\/span>) y polic\u00edas municipales pidieron a la madre de familia que entregar\u00e1 a su hija, por lo que est\u00e1 se neg\u00f3, sin embargo, seg\u00fan narran los afectados; al ingresar un familiar al terreno, los m\u00e9dicos y el personal del <span class=\"error misspelling\" title=\"Se ha encontrado un posible error ortogr\u00e1fico.\" data-type=\"misspelling\" data-suggestions=\"[{&quot;value&quot;:&quot;D\u00cdA&quot;},{&quot;value&quot;:&quot;DIO&quot;},{&quot;value&quot;:&quot;DI&quot;},{&quot;value&quot;:&quot;DIN&quot;},{&quot;value&quot;:&quot;ADIF&quot;},{&quot;value&quot;:&quot;CIF&quot;},{&quot;value&quot;:&quot;GIF&quot;}]\" data-rule=\"MORFOLOGIK_RULE_ES\" data-word=\"DIF\">DIF<\/span> municipal se colaron al sitio sin permiso alguno, exigiendo a la madre que los acompa\u00f1ar\u00e1, ya que <span class=\"grammar correction\" title=\"Probablemente se tiene que escribir separado (conjunci\u00f3n condicional seguida de negaci\u00f3n).\" data-type=\"grammar\" data-suggestions=\"[{&quot;value&quot;:&quot;si no&quot;}]\" data-rule=\"SINO_SI_NO\" data-word=\"sino\">si no<\/span> lo hac\u00eda, iba a ser llevada a la c\u00e1rcel.<\/p>\n<p><img loading=\"lazy\" decoding=\"async\" class=\"alignnone size-full wp-image-45482\" src=\"https:\/\/www.municipiosyucatan.com\/wp\/wp-content\/uploads\/2022\/06\/IMG_20220618_134103803_HDR.jpg\" alt=\"\" width=\"756\" height=\"567\" srcset=\"https:\/\/www.municipiosyucatan.com\/wp\/wp-content\/uploads\/2022\/06\/IMG_20220618_134103803_HDR.jpg 756w, https:\/\/www.municipiosyucatan.com\/wp\/wp-content\/uploads\/2022\/06\/IMG_20220618_134103803_HDR-80x60.jpg 80w, https:\/\/www.municipiosyucatan.com\/wp\/wp-content\/uploads\/2022\/06\/IMG_20220618_134103803_HDR-265x198.jpg 265w\" sizes=\"auto, (max-width: 756px) 100vw, 756px\" \/><\/p>\n<p style=\"text-align: justify;\">Por lo que est\u00e1 accedi\u00f3 y se fue junto a la ni\u00f1a. A palabras de do\u00f1a Silvia, la internaron junto a su hijita en el hospital Corea &#8211; M\u00e9xico<span class=\"grammar correction\" title=\"Esta locuci\u00f3n se escribe normalmente entre comas. Use un punto y coma para empezar una nueva frase que contrasta con la anterior.\" data-type=\"grammar\" data-suggestions=\"[{&quot;value&quot;:&quot;; sin embargo,&quot;},{&quot;value&quot;:&quot;, sin embargo,&quot;}]\" data-rule=\"COMMA_MARCADOR_DISCURSIVO\" data-word=\", sin embargo\">; sin embargo,<\/span> <span class=\"error grammar\" title=\"\u00abest\u00e1\u00bb (dolor sit amet) parece menos probable que \u00abesta\u00bb (lorem ipsum).\" data-type=\"grammar\" data-suggestions=\"[{&quot;value&quot;:&quot;esta&quot;}]\" data-rule=\"AI_ES_HYDRA_LEO_CP_EST__ESTA\" data-word=\"est\u00e1\">est\u00e1<\/span> fue dado de alta quince d\u00edas despu\u00e9s, pidiendo que le dieran tambi\u00e9n a su hija, a lo que los doctores se negaron, para posteriormente informar que la peque\u00f1a se quedar\u00eda un tiempo m\u00e1s internada para que se pudiera recuperar por completo.<\/p>\n<p style=\"text-align: justify;\">Al ser de bajos recursos, la familia se desvivi\u00f3 por velar por la peque\u00f1a, comprando todo lo que les requer\u00edan en el hospital; sin embargo, fue cerca del 26 de <span class=\"error grammar\" title=\"Los meses del a\u00f1o se escriben en min\u00fasculas, excepto si forman parte de un nombre propio.\" data-type=\"grammar\" data-suggestions=\"[{&quot;value&quot;:&quot;marzo&quot;}]\" data-rule=\"MIN_MESES\" data-word=\"Marzo\">Marzo<\/span> cuando le fue notificado al padre de familia Jos\u00e9 B. S\u00e1nchez <span class=\"error misspelling\" title=\"Se ha encontrado un posible error ortogr\u00e1fico.\" data-type=\"misspelling\" data-suggestions=\"[{&quot;value&quot;:&quot;Usan&quot;},{&quot;value&quot;:&quot;Can&quot;},{&quot;value&quot;:&quot;Unan&quot;},{&quot;value&quot;:&quot;Tuc\u00e1n&quot;},{&quot;value&quot;:&quot;Cucan&quot;},{&quot;value&quot;:&quot;Upan&quot;},{&quot;value&quot;:&quot;U can&quot;}]\" data-rule=\"MORFOLOGIK_RULE_ES\" data-word=\"Ucan\">Ucan<\/span> de 34 a\u00f1os, que la ni\u00f1a ya no estaba en el hospital de la amistad, d\u00e1ndole una direcci\u00f3n de hospital inexistente, y posteriormente por la insistencia de la familia, el hospital Corea &#8211; M\u00e9xico termin\u00f3 por informarle al padre de familia que la ni\u00f1a ya se encontraba en el <span class=\"error misspelling\" title=\"Se ha encontrado un posible error ortogr\u00e1fico.\" data-type=\"misspelling\" data-suggestions=\"[{&quot;value&quot;:&quot;POD\u00c9MELA&quot;},{&quot;value&quot;:&quot;P\u00d3DEMELA&quot;}]\" data-rule=\"MORFOLOGIK_RULE_ES\" data-word=\"PRODEMEFA\">PRODEMEFA<\/span> (La Procuradur\u00eda de la Defensa del Menor y la Familia), por lo que aparentemente la ni\u00f1a fue separada de su familia por alguna denuncia de violencia.<\/p>\n<p><img loading=\"lazy\" decoding=\"async\" class=\"alignnone size-full wp-image-45483\" src=\"https:\/\/www.municipiosyucatan.com\/wp\/wp-content\/uploads\/2022\/06\/IMG_20220618_134204830_HDR.jpg\" alt=\"\" width=\"756\" height=\"563\" srcset=\"https:\/\/www.municipiosyucatan.com\/wp\/wp-content\/uploads\/2022\/06\/IMG_20220618_134204830_HDR.jpg 756w, https:\/\/www.municipiosyucatan.com\/wp\/wp-content\/uploads\/2022\/06\/IMG_20220618_134204830_HDR-80x60.jpg 80w, https:\/\/www.municipiosyucatan.com\/wp\/wp-content\/uploads\/2022\/06\/IMG_20220618_134204830_HDR-265x198.jpg 265w\" sizes=\"auto, (max-width: 756px) 100vw, 756px\" \/><\/p>\n<p style=\"text-align: justify;\">Sin embargo, a decir de los padres de familia, jam\u00e1s les dieron parte del hecho. Ahora, las autoridades jur\u00eddicas del <span class=\"error misspelling\" title=\"Se ha encontrado un posible error ortogr\u00e1fico.\" data-type=\"misspelling\" data-suggestions=\"[{&quot;value&quot;:&quot;D\u00cdA&quot;},{&quot;value&quot;:&quot;DIO&quot;},{&quot;value&quot;:&quot;DI&quot;},{&quot;value&quot;:&quot;DIN&quot;},{&quot;value&quot;:&quot;ADIF&quot;},{&quot;value&quot;:&quot;CIF&quot;},{&quot;value&quot;:&quot;GIF&quot;}]\" data-rule=\"MORFOLOGIK_RULE_ES\" data-word=\"DIF\">DIF<\/span> estatal le piden demostrar que es <span class=\"error grammar\" title=\"No se escribe con tilde si no es un pronombre.\" data-type=\"grammar\" data-suggestions=\"[{&quot;value&quot;:&quot;el&quot;}]\" data-rule=\"EL_NO_TILDE\" data-word=\"\u00e9l\">\u00e9l<\/span> padre biol\u00f3gico de <span class=\"error grammar\" title=\"Error de concordancia.\" data-type=\"grammar\" data-suggestions=\"[{&quot;value&quot;:&quot;el infante&quot;},{&quot;value&quot;:&quot;los infantes&quot;},{&quot;value&quot;:&quot;la infanta&quot;},{&quot;value&quot;:&quot;las infantas&quot;}]\" data-rule=\"AGREEMENT_DET_NOUN\" data-word=\"la infante\">la infante<\/span>.<\/p>\n<p style=\"text-align: justify;\">Cabe mencionar que los padres de familia tienen en su poder las actas de nacimiento de la peque\u00f1a, su certificado de nacimiento del seguro social y la cartilla de vacunaci\u00f3n de la misma, pruebas que <span class=\"grammar correction\" title=\"Probablemente falta una coma.\" data-type=\"grammar\" data-suggestions=\"[{&quot;value&quot;:&quot;demuestran,&quot;}]\" data-rule=\"AI_ES_HYDRA_LEO_MISSING_COMMA\" data-word=\"demuestran\">demuestran,<\/span> aunque en la peque\u00f1a hab\u00eda nadie en un hogar humilde, era cuidada.<\/p>\n<p style=\"text-align: justify;\"><span class=\"error grammar\" title=\"Esta frase tiene m\u00e1s de 50 palabras. Considere la posibilidad de revisarla.\" data-type=\"grammar\" data-suggestions=\"[]\" data-rule=\"TOO_LONG_SENTENCE\" data-word=\"A tres meses de que la ni\u00f1a haya sido llevada al hospital de la amistad, los padres rompen el silencio, puesto que para ellos fue mentira todo lo que les dijeron por parte de las autoridades, ya que afirman que les hab\u00edan dicho que si hijita regresar\u00eda a su lado luego de tres meses\">A tres meses de que la ni\u00f1a haya sido llevada al hospital de la amistad, los padres rompen el silencio, puesto que para ellos fue mentira todo lo que les dijeron por parte de las autoridades, ya que afirman que les hab\u00edan dicho que si hijita regresar\u00eda a su lado luego de tres meses<\/span>.<\/p>\n<p style=\"text-align: justify;\">Ahora piden una aclaraci\u00f3n al <span class=\"error misspelling\" title=\"Se ha encontrado un posible error ortogr\u00e1fico.\" data-type=\"misspelling\" data-suggestions=\"[{&quot;value&quot;:&quot;D\u00cdA&quot;},{&quot;value&quot;:&quot;DIO&quot;},{&quot;value&quot;:&quot;DI&quot;},{&quot;value&quot;:&quot;DIN&quot;},{&quot;value&quot;:&quot;ADIF&quot;},{&quot;value&quot;:&quot;CIF&quot;},{&quot;value&quot;:&quot;GIF&quot;}]\" data-rule=\"MORFOLOGIK_RULE_ES\" data-word=\"DIF\">DIF<\/span> municipal y Estatal, adem\u00e1s de lanzar un llamado de ayuda al Gobierno del Estado, puesto que no saben que hacer, <span class=\"grammar correction\" title=\"Esta expresi\u00f3n ya ha aparecido antes. Puede sustituirla por otra para hacer m\u00e1s variado el texto.\" data-type=\"grammar\" data-suggestions=\"[{&quot;value&quot;:&quot;porque&quot;},{&quot;value&quot;:&quot;puesto que&quot;},{&quot;value&quot;:&quot;por el hecho de que&quot;},{&quot;value&quot;:&quot;pues&quot;}]\" data-rule=\"REP_YA_QUE\" data-word=\"ya que\">pues<\/span> ellos jam\u00e1s han da\u00f1ado a su hija y siempre la han querido.<\/p>\n","protected":false},"excerpt":{"rendered":"<p>Tras llevar a la beb\u00e9 al hospital, presuntamente los m\u00e9dicos detectaron que la ni\u00f1a estaba baja de peso y con signos de desnutrici\u00f3n, lo que habr\u00eda motivado el retiro de la menor <\/p>\n","protected":false},"author":1,"featured_media":45481,"comment_status":"closed","ping_status":"closed","sticky":false,"template":"","format":"standard","meta":{"footnotes":""},"categories":[4,7707],"tags":[7099,11315,868,11314,8669],"class_list":["post-45480","post","type-post","status-publish","format-standard","has-post-thumbnail","category-acanceh","category-yucatan-centro","tag-acanceh","tag-bebe-con-desnutricion","tag-dif","tag-le-quitan-a-su-hija","tag-nina"],"_links":{"self":[{"href":"https:\/\/www.municipiosyucatan.com\/wp\/wp-json\/wp\/v2\/posts\/45480","targetHints":{"allow":["GET"]}}],"collection":[{"href":"https:\/\/www.municipiosyucatan.com\/wp\/wp-json\/wp\/v2\/posts"}],"about":[{"href":"https:\/\/www.municipiosyucatan.com\/wp\/wp-json\/wp\/v2\/types\/post"}],"author":[{"embeddable":true,"href":"https:\/\/www.municipiosyucatan.com\/wp\/wp-json\/wp\/v2\/users\/1"}],"replies":[{"embeddable":true,"href":"https:\/\/www.municipiosyucatan.com\/wp\/wp-json\/wp\/v2\/comments?post=45480"}],"version-history":[{"count":1,"href":"https:\/\/www.municipiosyucatan.com\/wp\/wp-json\/wp\/v2\/posts\/45480\/revisions"}],"predecessor-version":[{"id":45484,"href":"https:\/\/www.municipiosyucatan.com\/wp\/wp-json\/wp\/v2\/posts\/45480\/revisions\/45484"}],"wp:featuredmedia":[{"embeddable":true,"href":"https:\/\/www.municipiosyucatan.com\/wp\/wp-json\/wp\/v2\/media\/45481"}],"wp:attachment":[{"href":"https:\/\/www.municipiosyucatan.com\/wp\/wp-json\/wp\/v2\/media?parent=45480"}],"wp:term":[{"taxonomy":"category","embeddable":true,"href":"https:\/\/www.municipiosyucatan.com\/wp\/wp-json\/wp\/v2\/categories?post=45480"},{"taxonomy":"post_tag","embeddable":true,"href":"https:\/\/www.municipiosyucatan.com\/wp\/wp-json\/wp\/v2\/tags?post=45480"}],"curies":[{"name":"wp","href":"https:\/\/api.w.org\/{rel}","templated":true}]}}