{"id":45507,"date":"2022-06-23T17:06:19","date_gmt":"2022-06-23T22:06:19","guid":{"rendered":"https:\/\/www.municipiosyucatan.com\/wp\/?p=45507"},"modified":"2022-06-23T17:06:19","modified_gmt":"2022-06-23T22:06:19","slug":"congreso-de-yucatan-sede-de-los-trabajos-del-modelo-de-naciones-unidas-del-sureste-mexicano","status":"publish","type":"post","link":"https:\/\/www.municipiosyucatan.com\/wp\/congreso-de-yucatan-sede-de-los-trabajos-del-modelo-de-naciones-unidas-del-sureste-mexicano.html","title":{"rendered":"Congreso de Yucat\u00e1n, sede de los trabajos del Modelo de Naciones Unidas del Sureste Mexicano"},"content":{"rendered":"<p style=\"text-align: justify;\">M\u00e9rida, Yucat\u00e1n a 23 de junio de 2022.-El Congreso del Estado simult\u00e1neamente con el Tribunal Superior de Justicia, fue sede de la s\u00e9ptima edici\u00f3n del Modelo de Naciones Unidas del Sureste Mexicano que reuni\u00f3 a j\u00f3venes de universidades y preparatorias de Yucat\u00e1n, Chihuahua, Michoac\u00e1n y Monterrey para trabajar en diversos temas incluidos los encaminados a la juventud.<\/p>\n<p style=\"text-align: justify;\"><img loading=\"lazy\" decoding=\"async\" class=\"alignnone size-full wp-image-45510\" src=\"https:\/\/www.municipiosyucatan.com\/wp\/wp-content\/uploads\/2022\/06\/WhatsApp-Image-2022-06-23-at-5.03.09-PM.jpeg\" alt=\"\" width=\"756\" height=\"504\" \/><\/p>\n<p>Esta serie de actividades permiti\u00f3 que los j\u00f3venes asuman representativamente el papel de delegados de la ONU, formando comit\u00e9s de varios pa\u00edses y llevando a cabo debates de diversos temas, tal cual ocurre en los consejos y comit\u00e9s de las Naciones Unidas.<\/p>\n<p>Los comit\u00e9s se conformaron con base en lo siguiente: en el \u00e1mbito Econ\u00f3mico-Social, Consejo de Seguridad, Alto Comisionado de los Derechos Humanos, ONU-Mujeres, Unesco, Asamblea General y Corte Penal Internacional.<\/p>\n<p style=\"text-align: justify;\"><img loading=\"lazy\" decoding=\"async\" class=\"alignnone size-full wp-image-45508\" src=\"https:\/\/www.municipiosyucatan.com\/wp\/wp-content\/uploads\/2022\/06\/WhatsApp-Image-2022-06-23-at-5.03.09-PM-1.jpeg\" alt=\"\" width=\"756\" height=\"504\" \/><\/p>\n<p>El presidente de la Junta de Gobierno y Coordinaci\u00f3n Pol\u00edtica del Congreso del Estado, V\u00edctor Hugo Lozano Poveda, enfatiz\u00f3 en la importancia de que los j\u00f3venes participen en estas actividades que ayudan a mejorar el entorno en el que se vive.<\/p>\n<p>Asegur\u00f3 que en esta legislatura se busca que el Congreso del Estado tenga mayor apertura para las yucatecas y los yucatecos, sobre todo para la realizaci\u00f3n de este tipo de actividades.<\/p>\n<p style=\"text-align: justify;\"><img loading=\"lazy\" decoding=\"async\" class=\"alignnone size-full wp-image-45511\" src=\"https:\/\/www.municipiosyucatan.com\/wp\/wp-content\/uploads\/2022\/06\/WhatsApp-Image-2022-s06-23-at-5.03.09-PM.jpeg\" alt=\"\" width=\"756\" height=\"504\" \/><\/p>\n<p>\u201cEstaremos trabajando y sumando esfuerzos para que m\u00e1s adelante se sigan promoviendo actividades en el edificio del Legislativo para que los j\u00f3venes y el p\u00fablico en general, puedan participar\u201d, agreg\u00f3.<\/p>\n<p>Por \u00faltimo, agradeci\u00f3 a los organizadores del evento tomar el Congreso del Estado como una de las sedes del Modelo de Naciones Unidas del Sureste del Pa\u00eds<\/p>\n<p><img loading=\"lazy\" decoding=\"async\" class=\"alignnone size-full wp-image-45509\" src=\"https:\/\/www.municipiosyucatan.com\/wp\/wp-content\/uploads\/2022\/06\/WhatsApp-Image-2022-06-23-at-5.03.09-PM-2.jpeg\" alt=\"\" width=\"756\" height=\"504\" \/><\/p>\n","protected":false},"excerpt":{"rendered":"<p>El Congreso del Estado simult\u00e1neamente con el Tribunal Superior de Justicia, fue sede de la s\u00e9ptima edici\u00f3n del Modelo de Naciones Unidas del Sureste Mexicano<\/p>\n","protected":false},"author":1,"featured_media":45510,"comment_status":"closed","ping_status":"closed","sticky":false,"template":"","format":"standard","meta":{"footnotes":""},"categories":[51,7707],"tags":[1439,9920,7126,162,11319],"class_list":["post-45507","post","type-post","status-publish","format-standard","has-post-thumbnail","category-merida","category-yucatan-centro","tag-congreso-del-estado","tag-diputados","tag-merida","tag-pan","tag-victor-hugo-lozano"],"_links":{"self":[{"href":"https:\/\/www.municipiosyucatan.com\/wp\/wp-json\/wp\/v2\/posts\/45507","targetHints":{"allow":["GET"]}}],"collection":[{"href":"https:\/\/www.municipiosyucatan.com\/wp\/wp-json\/wp\/v2\/posts"}],"about":[{"href":"https:\/\/www.municipiosyucatan.com\/wp\/wp-json\/wp\/v2\/types\/post"}],"author":[{"embeddable":true,"href":"https:\/\/www.municipiosyucatan.com\/wp\/wp-json\/wp\/v2\/users\/1"}],"replies":[{"embeddable":true,"href":"https:\/\/www.municipiosyucatan.com\/wp\/wp-json\/wp\/v2\/comments?post=45507"}],"version-history":[{"count":1,"href":"https:\/\/www.municipiosyucatan.com\/wp\/wp-json\/wp\/v2\/posts\/45507\/revisions"}],"predecessor-version":[{"id":45512,"href":"https:\/\/www.municipiosyucatan.com\/wp\/wp-json\/wp\/v2\/posts\/45507\/revisions\/45512"}],"wp:featuredmedia":[{"embeddable":true,"href":"https:\/\/www.municipiosyucatan.com\/wp\/wp-json\/wp\/v2\/media\/45510"}],"wp:attachment":[{"href":"https:\/\/www.municipiosyucatan.com\/wp\/wp-json\/wp\/v2\/media?parent=45507"}],"wp:term":[{"taxonomy":"category","embeddable":true,"href":"https:\/\/www.municipiosyucatan.com\/wp\/wp-json\/wp\/v2\/categories?post=45507"},{"taxonomy":"post_tag","embeddable":true,"href":"https:\/\/www.municipiosyucatan.com\/wp\/wp-json\/wp\/v2\/tags?post=45507"}],"curies":[{"name":"wp","href":"https:\/\/api.w.org\/{rel}","templated":true}]}}