{"id":45903,"date":"2022-07-12T21:41:49","date_gmt":"2022-07-13T02:41:49","guid":{"rendered":"https:\/\/www.municipiosyucatan.com\/wp\/?p=45903"},"modified":"2022-07-12T21:41:49","modified_gmt":"2022-07-13T02:41:49","slug":"homun-vive-su-devocion-a-san-buenaventura","status":"publish","type":"post","link":"https:\/\/www.municipiosyucatan.com\/wp\/homun-vive-su-devocion-a-san-buenaventura.html","title":{"rendered":"Hom\u00fan vive su devoci\u00f3n a San Buenaventura"},"content":{"rendered":"<p style=\"text-align: justify;\"><span class=\"error misspelling\" title=\"Se ha encontrado un posible error ortogr\u00e1fico.\" data-type=\"misspelling\" data-suggestions=\"[{&quot;value&quot;:&quot;Com\u00fan&quot;},{&quot;value&quot;:&quot;Huemul&quot;}]\" data-rule=\"MORFOLOGIK_RULE_ES\" data-word=\"Hom\u00fan\">Hom\u00fan<\/span>, <span class=\"grammar correction\" title=\"Probablemente falta una coma.\" data-type=\"grammar\" data-suggestions=\"[{&quot;value&quot;:&quot;Yucat\u00e1n,&quot;}]\" data-rule=\"AI_ES_HYDRA_LEO_MISSING_COMMA\" data-word=\"Yucat\u00e1n\">Yucat\u00e1n,<\/span> 12 de julio de 2022 (<span class=\"error misspelling\" title=\"Se ha encontrado un posible error ortogr\u00e1fico.\" data-type=\"misspelling\" data-suggestions=\"[{&quot;value&quot;:&quot;ACO&quot;},{&quot;value&quot;:&quot;ACOMA&quot;},{&quot;value&quot;:&quot;ACOS&quot;},{&quot;value&quot;:&quot;ACO M&quot;},{&quot;value&quot;:&quot;WACOM&quot;}]\" data-rule=\"MORFOLOGIK_RULE_ES\" data-word=\"ACOM\">ACOM<\/span>).- Con gran <span class=\"grammar correction\" title=\"Probablemente falta una coma.\" data-type=\"grammar\" data-suggestions=\"[{&quot;value&quot;:&quot;devoci\u00f3n,&quot;}]\" data-rule=\"AI_ES_HYDRA_LEO_MISSING_COMMA\" data-word=\"devoci\u00f3n\">devoci\u00f3n,<\/span> la familia <span class=\"error misspelling\" title=\"Se ha encontrado un posible error ortogr\u00e1fico.\" data-type=\"misspelling\" data-suggestions=\"[{&quot;value&quot;:&quot;Baca&quot;},{&quot;value&quot;:&quot;Bacas&quot;},{&quot;value&quot;:&quot;Bac\u00e1n&quot;}]\" data-rule=\"MORFOLOGIK_RULE_ES\" data-word=\"Bacab\">Bacab<\/span> Castro recibi\u00f3 la imagen de San Buenaventura en su hogar.<\/p>\n<p><img loading=\"lazy\" decoding=\"async\" class=\"alignnone size-full wp-image-45904\" src=\"https:\/\/www.municipiosyucatan.com\/wp\/wp-content\/uploads\/2022\/07\/FB_IMG_1657649741212.jpg\" alt=\"\" width=\"756\" height=\"519\" srcset=\"https:\/\/www.municipiosyucatan.com\/wp\/wp-content\/uploads\/2022\/07\/FB_IMG_1657649741212.jpg 756w, https:\/\/www.municipiosyucatan.com\/wp\/wp-content\/uploads\/2022\/07\/FB_IMG_1657649741212-100x70.jpg 100w, https:\/\/www.municipiosyucatan.com\/wp\/wp-content\/uploads\/2022\/07\/FB_IMG_1657649741212-218x150.jpg 218w\" sizes=\"auto, (max-width: 756px) 100vw, 756px\" \/><\/p>\n<p style=\"text-align: justify;\">Y es que <span class=\"grammar correction\" title=\"\u00abest\u00e1\u00bb (dolor sit amet) parece menos probable que \u00abesta\u00bb (lorem ipsum).\" data-type=\"grammar\" data-suggestions=\"[{&quot;value&quot;:&quot;esta&quot;}]\" data-rule=\"AI_ES_HYDRA_LEO_CP_EST__ESTA\" data-word=\"est\u00e1\">esta<\/span> familia presidi\u00f3 el gremio de porcicultores en su versi\u00f3n 2022, el <span class=\"grammar correction\" title=\"Si no es interrogativo, se escribe sin tilde.\" data-type=\"grammar\" data-suggestions=\"[{&quot;value&quot;:&quot;cual&quot;}]\" data-rule=\"CUAL_SIN_TILDE\" data-word=\"cu\u00e1l\">cual<\/span> entre voladores, ternos y charanga ingres\u00f3 al hogar de estos colaboradores.<\/p>\n<p><img loading=\"lazy\" decoding=\"async\" class=\"alignnone size-full wp-image-45905\" src=\"https:\/\/www.municipiosyucatan.com\/wp\/wp-content\/uploads\/2022\/07\/FB_IMG_1657649745483.jpg\" alt=\"\" width=\"756\" height=\"687\" \/><\/p>\n<p style=\"text-align: justify;\">La familia y los anexos se estuvieron preparando por meses <span class=\"grammar correction\" title=\"Si es un determinante y no es del verbo \u2018estar\u2019, se escribe sin tilde.\" data-type=\"grammar\" data-suggestions=\"[{&quot;value&quot;:&quot;para esta&quot;}]\" data-rule=\"PREP_VERB\" data-word=\"para est\u00e1\">para esta<\/span> fecha, en la cual se comparte el atole nuevo y alimentos tradicionales entre los asistentes.<\/p>\n<p><img loading=\"lazy\" decoding=\"async\" class=\"alignnone size-full wp-image-45906\" src=\"https:\/\/www.municipiosyucatan.com\/wp\/wp-content\/uploads\/2022\/07\/FB_IMG_1657649747758.jpg\" alt=\"\" width=\"756\" height=\"567\" srcset=\"https:\/\/www.municipiosyucatan.com\/wp\/wp-content\/uploads\/2022\/07\/FB_IMG_1657649747758.jpg 756w, https:\/\/www.municipiosyucatan.com\/wp\/wp-content\/uploads\/2022\/07\/FB_IMG_1657649747758-80x60.jpg 80w, https:\/\/www.municipiosyucatan.com\/wp\/wp-content\/uploads\/2022\/07\/FB_IMG_1657649747758-265x198.jpg 265w\" sizes=\"auto, (max-width: 756px) 100vw, 756px\" \/><\/p>\n<p style=\"text-align: justify;\">La fiesta de Hom\u00fan apenas tendr\u00e1 el d\u00eda de ma\u00f1ana su n\u00facleo de festejos, puesto que llevara a cabo el sembrado el ceibo <span class=\"grammar correction\" title=\"Normativamente se escribe separado.\" data-type=\"grammar\" data-suggestions=\"[{&quot;value&quot;:&quot;en medio&quot;}]\" data-rule=\"ENMEDIO\" data-word=\"enmedio\">en medio<\/span> del coso taurino al medio d\u00eda; para que posteriormente a las diez de la noche se realice la tradicional vaquer\u00eda que da inicio formal a las corridas de toros y bailes populares.<\/p>\n<p style=\"text-align: justify;\">La fiesta se llevar\u00e1 a cabo del 13 al 18 de julio y del 22 al 24<\/p>\n","protected":false},"excerpt":{"rendered":"<p>La familia y los anexos se estuvieron preparando por meses para esta fecha, en la cual se comparte el atole nuevo y alimentos tradicionales entre los asistentes<\/p>\n","protected":false},"author":1,"featured_media":45905,"comment_status":"closed","ping_status":"closed","sticky":false,"template":"","format":"standard","meta":{"footnotes":""},"categories":[37,7707],"tags":[11243,10554,7692,9424],"class_list":["post-45903","post","type-post","status-publish","format-standard","has-post-thumbnail","category-homun","category-yucatan-centro","tag-baile","tag-festividad","tag-homun","tag-religion"],"_links":{"self":[{"href":"https:\/\/www.municipiosyucatan.com\/wp\/wp-json\/wp\/v2\/posts\/45903","targetHints":{"allow":["GET"]}}],"collection":[{"href":"https:\/\/www.municipiosyucatan.com\/wp\/wp-json\/wp\/v2\/posts"}],"about":[{"href":"https:\/\/www.municipiosyucatan.com\/wp\/wp-json\/wp\/v2\/types\/post"}],"author":[{"embeddable":true,"href":"https:\/\/www.municipiosyucatan.com\/wp\/wp-json\/wp\/v2\/users\/1"}],"replies":[{"embeddable":true,"href":"https:\/\/www.municipiosyucatan.com\/wp\/wp-json\/wp\/v2\/comments?post=45903"}],"version-history":[{"count":1,"href":"https:\/\/www.municipiosyucatan.com\/wp\/wp-json\/wp\/v2\/posts\/45903\/revisions"}],"predecessor-version":[{"id":45907,"href":"https:\/\/www.municipiosyucatan.com\/wp\/wp-json\/wp\/v2\/posts\/45903\/revisions\/45907"}],"wp:featuredmedia":[{"embeddable":true,"href":"https:\/\/www.municipiosyucatan.com\/wp\/wp-json\/wp\/v2\/media\/45905"}],"wp:attachment":[{"href":"https:\/\/www.municipiosyucatan.com\/wp\/wp-json\/wp\/v2\/media?parent=45903"}],"wp:term":[{"taxonomy":"category","embeddable":true,"href":"https:\/\/www.municipiosyucatan.com\/wp\/wp-json\/wp\/v2\/categories?post=45903"},{"taxonomy":"post_tag","embeddable":true,"href":"https:\/\/www.municipiosyucatan.com\/wp\/wp-json\/wp\/v2\/tags?post=45903"}],"curies":[{"name":"wp","href":"https:\/\/api.w.org\/{rel}","templated":true}]}}