{"id":46506,"date":"2022-08-10T07:12:17","date_gmt":"2022-08-10T12:12:17","guid":{"rendered":"https:\/\/www.municipiosyucatan.com\/wp\/?p=46506"},"modified":"2022-08-10T07:12:17","modified_gmt":"2022-08-10T12:12:17","slug":"crucero-de-la-muerte-deja-otro-accidente","status":"publish","type":"post","link":"https:\/\/www.municipiosyucatan.com\/wp\/crucero-de-la-muerte-deja-otro-accidente.html","title":{"rendered":"Crucero \u00abde la muerte\u00bb deja otro accidente"},"content":{"rendered":"<p style=\"text-align: justify;\">Valladolid, Yucat\u00e1n, 10 de agosto de 2022 (<span class=\"error misspelling\" title=\"Se ha encontrado un posible error ortogr\u00e1fico.\" data-type=\"misspelling\" data-suggestions=\"[{&quot;value&quot;:&quot;ACO&quot;},{&quot;value&quot;:&quot;ACOMA&quot;},{&quot;value&quot;:&quot;ACOS&quot;},{&quot;value&quot;:&quot;ACO M&quot;},{&quot;value&quot;:&quot;WACOM&quot;}]\" data-rule=\"MORFOLOGIK_RULE_ES\" data-word=\"ACOM\">ACOM<\/span>).-El crucero de la\u00bb muerte\u00bb fue escenario de otro accidente dejando a un motociclista herido. El hecho ocurri\u00f3 en la carretera federal libre Felipe Carrillo Puerto-<span class=\"grammar correction\" title=\"Probablemente falta una coma.\" data-type=\"grammar\" data-suggestions=\"[{&quot;value&quot;:&quot;Valladolid,&quot;}]\" data-rule=\"AI_ES_HYDRA_LEO_MISSING_COMMA\" data-word=\"Valladolid\">Valladolid,<\/span> a la altura del kil\u00f3metro 2+500 entronque a Chichimil\u00e1, lugar donde han fallecido varias personas.<\/p>\n<p><img loading=\"lazy\" decoding=\"async\" class=\"alignnone size-full wp-image-46507\" src=\"https:\/\/www.municipiosyucatan.com\/wp\/wp-content\/uploads\/2022\/08\/FB_IMG_1660082191179.jpg\" alt=\"\" width=\"756\" height=\"533\" srcset=\"https:\/\/www.municipiosyucatan.com\/wp\/wp-content\/uploads\/2022\/08\/FB_IMG_1660082191179.jpg 756w, https:\/\/www.municipiosyucatan.com\/wp\/wp-content\/uploads\/2022\/08\/FB_IMG_1660082191179-100x70.jpg 100w\" sizes=\"auto, (max-width: 756px) 100vw, 756px\" \/><\/p>\n<p style=\"text-align: justify;\">En esta ocasi\u00f3n se vieron involucrados el conductor de una motocicleta <span class=\"error misspelling\" title=\"Se ha encontrado un posible error ortogr\u00e1fico.\" data-type=\"misspelling\" data-suggestions=\"[{&quot;value&quot;:&quot;Italia&quot;},{&quot;value&quot;:&quot;It\u00e1lica&quot;}]\" data-rule=\"MORFOLOGIK_RULE_ES\" data-word=\"Italika\">Italika<\/span> 110, quien al transitar de sur a norte, al llegar al kil\u00f3metro mencionado por su falta de <span class=\"misspelling correction\" title=\"Se ha encontrado un posible error ortogr\u00e1fico.\" data-type=\"misspelling\" data-suggestions=\"[{&quot;value&quot;:&quot;precauci\u00f3n&quot;},{&quot;value&quot;:&quot;precauciona&quot;},{&quot;value&quot;:&quot;precaucione&quot;},{&quot;value&quot;:&quot;precauciono&quot;},{&quot;value&quot;:&quot;precaucion\u00e1&quot;},{&quot;value&quot;:&quot;precaucion\u00e9&quot;},{&quot;value&quot;:&quot;precaucion\u00f3&quot;}]\" data-rule=\"MORFOLOGIK_RULE_ES\" data-word=\"precaucion\">precauci\u00f3n<\/span> cambi\u00f3 de carril intempestivamente sin el debido cuidado, por lo que fue colisionado en su parte lateral izquierda por la parte frontal derecha de un <span class=\"grammar correction\" title=\"Si es adjetivo o nombre, se escribe con tilde.\" data-type=\"grammar\" data-suggestions=\"[{&quot;value&quot;:&quot;veh\u00edculo&quot;}]\" data-rule=\"DIACRITICS_02\" data-word=\"vehiculo\">veh\u00edculo<\/span> Chevrolet <span class=\"error misspelling\" title=\"Se ha encontrado un posible error ortogr\u00e1fico.\" data-type=\"misspelling\" data-suggestions=\"[{&quot;value&quot;:&quot;Park&quot;}]\" data-rule=\"MORFOLOGIK_RULE_ES\" data-word=\"Spark\">Spark<\/span> color blanco que <span class=\"misspelling correction\" title=\"Se ha encontrado un posible error ortogr\u00e1fico.\" data-type=\"misspelling\" data-suggestions=\"[{&quot;value&quot;:&quot;conduc\u00eda&quot;},{&quot;value&quot;:&quot;conducta&quot;},{&quot;value&quot;:&quot;conducir&quot;},{&quot;value&quot;:&quot;conducida&quot;},{&quot;value&quot;:&quot;conducir\u00e1&quot;},{&quot;value&quot;:&quot;conduc\u00edan&quot;},{&quot;value&quot;:&quot;conducid&quot;}]\" data-rule=\"MORFOLOGIK_RULE_ES\" data-word=\"conducia\">conduc\u00eda<\/span> P.N.C.C. de 51 a\u00f1os.<\/p>\n<p><img loading=\"lazy\" decoding=\"async\" class=\"alignnone size-full wp-image-46508\" src=\"https:\/\/www.municipiosyucatan.com\/wp\/wp-content\/uploads\/2022\/08\/IMG-20220809-WA0025.jpg\" alt=\"\" width=\"756\" height=\"603\" \/><\/p>\n<p style=\"text-align: justify;\">El conductor de la motocicleta result\u00f3\u00a0<span class=\"error misspelling\" title=\"Se ha encontrado un posible error ortogr\u00e1fico.\" data-type=\"misspelling\" data-suggestions=\"[{&quot;value&quot;:&quot;poli contundido&quot;}]\" data-rule=\"MORFOLOGIK_RULE_ES\" data-word=\"policontundido\">policontundido<\/span> por lo que <span class=\"misspelling correction\" title=\"Se ha encontrado un posible error ortogr\u00e1fico.\" data-type=\"misspelling\" data-suggestions=\"[{&quot;value&quot;:&quot;param\u00e9dicos&quot;},{&quot;value&quot;:&quot;param\u00e9dicas&quot;},{&quot;value&quot;:&quot;param\u00e9dico&quot;}]\" data-rule=\"MORFOLOGIK_RULE_ES\" data-word=\"paramedicos\">param\u00e9dicos<\/span> de la Cruz Roja lo trasladaron al Hospital General de Valladolid para su mejor <span class=\"misspelling correction\" title=\"Se ha encontrado un posible error ortogr\u00e1fico.\" data-type=\"misspelling\" data-suggestions=\"[{&quot;value&quot;:&quot;atenci\u00f3n&quot;},{&quot;value&quot;:&quot;tenci\u00f3n&quot;}]\" data-rule=\"MORFOLOGIK_RULE_ES\" data-word=\"atencion\">atenci\u00f3n<\/span> y <span class=\"misspelling correction\" title=\"Se ha encontrado un posible error ortogr\u00e1fico.\" data-type=\"misspelling\" data-suggestions=\"[{&quot;value&quot;:&quot;valoraci\u00f3n&quot;},{&quot;value&quot;:&quot;vaporaci\u00f3n&quot;}]\" data-rule=\"MORFOLOGIK_RULE_ES\" data-word=\"valoracion\">valoraci\u00f3n<\/span> <span class=\"grammar correction\" title=\"Si es adjetivo o nombre, se escribe con tilde.\" data-type=\"grammar\" data-suggestions=\"[{&quot;value&quot;:&quot;m\u00e9dica&quot;}]\" data-rule=\"DIACRITICS_03\" data-word=\"medica\">m\u00e9dica<\/span>.<\/p>\n<p><img loading=\"lazy\" decoding=\"async\" class=\"alignnone size-full wp-image-46509\" src=\"https:\/\/www.municipiosyucatan.com\/wp\/wp-content\/uploads\/2022\/08\/IMG-20220809-WA0026.jpg\" alt=\"\" width=\"756\" height=\"567\" srcset=\"https:\/\/www.municipiosyucatan.com\/wp\/wp-content\/uploads\/2022\/08\/IMG-20220809-WA0026.jpg 756w, https:\/\/www.municipiosyucatan.com\/wp\/wp-content\/uploads\/2022\/08\/IMG-20220809-WA0026-80x60.jpg 80w, https:\/\/www.municipiosyucatan.com\/wp\/wp-content\/uploads\/2022\/08\/IMG-20220809-WA0026-265x198.jpg 265w\" sizes=\"auto, (max-width: 756px) 100vw, 756px\" \/><\/p>\n<p style=\"text-align: justify;\">De nuevo los Vallisoletanos se expresaron en las redes sociales pidiendo que se haga algo<span class=\"grammar correction\" title=\"Con el sentido de causa (\u2018puesto que\u2019), \u00abpues\u00bb se escribe preferiblement con una coma antes. Con valor continuativo (\u2018por tanto\u2019), se escribe entre dos comas.\" data-type=\"grammar\" data-suggestions=\"[{&quot;value&quot;:&quot;, pues&quot;},{&quot;value&quot;:&quot;, pues,&quot;}]\" data-rule=\"PUES_COMAS\" data-word=\" pues\">, pues<\/span> los accidente en ese crucero son constantes.<\/p>\n","protected":false},"excerpt":{"rendered":"<p>El conductor de la motocicleta result\u00f3\u00a0policontundido por lo que param\u00e9dicos de la Cruz Roja lo trasladaron al Hospital General de Valladolid para su mejor atenci\u00f3n<\/p>\n","protected":false},"author":1,"featured_media":46507,"comment_status":"closed","ping_status":"closed","sticky":false,"template":"","format":"standard","meta":{"footnotes":""},"categories":[103,7705],"tags":[3175,7857,3331,9395,3246],"class_list":["post-46506","post","type-post","status-publish","format-standard","has-post-thumbnail","category-valladolid","category-yucatan-oriente","tag-accidente","tag-accidente-motociclista","tag-choque","tag-moto","tag-valladolid-2"],"_links":{"self":[{"href":"https:\/\/www.municipiosyucatan.com\/wp\/wp-json\/wp\/v2\/posts\/46506","targetHints":{"allow":["GET"]}}],"collection":[{"href":"https:\/\/www.municipiosyucatan.com\/wp\/wp-json\/wp\/v2\/posts"}],"about":[{"href":"https:\/\/www.municipiosyucatan.com\/wp\/wp-json\/wp\/v2\/types\/post"}],"author":[{"embeddable":true,"href":"https:\/\/www.municipiosyucatan.com\/wp\/wp-json\/wp\/v2\/users\/1"}],"replies":[{"embeddable":true,"href":"https:\/\/www.municipiosyucatan.com\/wp\/wp-json\/wp\/v2\/comments?post=46506"}],"version-history":[{"count":1,"href":"https:\/\/www.municipiosyucatan.com\/wp\/wp-json\/wp\/v2\/posts\/46506\/revisions"}],"predecessor-version":[{"id":46510,"href":"https:\/\/www.municipiosyucatan.com\/wp\/wp-json\/wp\/v2\/posts\/46506\/revisions\/46510"}],"wp:featuredmedia":[{"embeddable":true,"href":"https:\/\/www.municipiosyucatan.com\/wp\/wp-json\/wp\/v2\/media\/46507"}],"wp:attachment":[{"href":"https:\/\/www.municipiosyucatan.com\/wp\/wp-json\/wp\/v2\/media?parent=46506"}],"wp:term":[{"taxonomy":"category","embeddable":true,"href":"https:\/\/www.municipiosyucatan.com\/wp\/wp-json\/wp\/v2\/categories?post=46506"},{"taxonomy":"post_tag","embeddable":true,"href":"https:\/\/www.municipiosyucatan.com\/wp\/wp-json\/wp\/v2\/tags?post=46506"}],"curies":[{"name":"wp","href":"https:\/\/api.w.org\/{rel}","templated":true}]}}