{"id":46988,"date":"2022-09-01T07:16:21","date_gmt":"2022-09-01T12:16:21","guid":{"rendered":"https:\/\/www.municipiosyucatan.com\/wp\/?p=46988"},"modified":"2022-09-01T07:19:10","modified_gmt":"2022-09-01T12:19:10","slug":"en-sotuta-rinden-honor-a-la-virgen-de-la-natividad","status":"publish","type":"post","link":"https:\/\/www.municipiosyucatan.com\/wp\/en-sotuta-rinden-honor-a-la-virgen-de-la-natividad.html","title":{"rendered":"En Sotuta rinden honor a la Virgen de la Natividad"},"content":{"rendered":"<p style=\"text-align: justify;\"><span class=\"error misspelling\" title=\"Se ha encontrado un posible error ortogr\u00e1fico.\" data-type=\"misspelling\" data-suggestions=\"[{&quot;value&quot;:&quot;So tuta&quot;}]\" data-rule=\"MORFOLOGIK_RULE_ES\" data-word=\"Sotuta\">Sotuta<\/span>, Yucat\u00e1n, 1 de septiembre de 2022 (<span class=\"error misspelling\" title=\"Se ha encontrado un posible error ortogr\u00e1fico.\" data-type=\"misspelling\" data-suggestions=\"[{&quot;value&quot;:&quot;ACO&quot;},{&quot;value&quot;:&quot;ACOMA&quot;},{&quot;value&quot;:&quot;ACOS&quot;},{&quot;value&quot;:&quot;ACO M&quot;},{&quot;value&quot;:&quot;WACOM&quot;}]\" data-rule=\"MORFOLOGIK_RULE_ES\" data-word=\"ACOM\">ACOM<\/span>).-Feligreses de la parroquia de \u201cSan Pedro y San <span class=\"error grammar\" title=\"Probablemente falta una coma.\" data-type=\"grammar\" data-suggestions=\"[{&quot;value&quot;:&quot;Pablo,&quot;}]\" data-rule=\"AI_ES_HYDRA_LEO_MISSING_COMMA\" data-word=\"Pablo\">Pablo<\/span> ap\u00f3stol\u201d de <span class=\"error misspelling\" title=\"Se ha encontrado un posible error ortogr\u00e1fico.\" data-type=\"misspelling\" data-suggestions=\"[{&quot;value&quot;:&quot;So tuta&quot;}]\" data-rule=\"MORFOLOGIK_RULE_ES\" data-word=\"Sotuta\">Sotuta<\/span> se preparan para las festividades anuales en honor de la Virgen de la Natividad que inici\u00f3 el 31 de agosto a las 5 pm con la bajada de la imagen durante la tradicional alborada.<\/p>\n<p><img loading=\"lazy\" decoding=\"async\" class=\"alignnone size-full wp-image-46989\" src=\"https:\/\/www.municipiosyucatan.com\/wp\/wp-content\/uploads\/2022\/09\/IMG-20220831-WA0014.jpg\" alt=\"\" width=\"756\" height=\"677\" \/><\/p>\n<p style=\"text-align: justify;\">Hoy 1 de septiembre entra el primer gremio de se\u00f1oras y se\u00f1ores que comenzar\u00e1 con las ma\u00f1anitas a las 5 <span class=\"error grammar\" title=\"Probablemente falta una coma.\" data-type=\"grammar\" data-suggestions=\"[{&quot;value&quot;:&quot;am,&quot;}]\" data-rule=\"AI_ES_HYDRA_LEO_MISSING_COMMA\" data-word=\"am\">am<\/span> como lo marca la tradici\u00f3n. Los gremios culminar\u00e1n el pr\u00f3ximo 9 de septiembre con la magna procesi\u00f3n de los santos patronos de las comisarias de <span class=\"error misspelling\" title=\"Se ha encontrado un posible error ortogr\u00e1fico.\" data-type=\"misspelling\" data-suggestions=\"[{&quot;value&quot;:&quot;So tuta&quot;}]\" data-rule=\"MORFOLOGIK_RULE_ES\" data-word=\"Sotuta\">Sotuta<\/span> y la salida del \u00faltimo gremio <span class=\"error grammar\" title=\"S\u00edmbolo desparejado: Parece que falta un \u2018\u201d\u2019.\" data-type=\"grammar\" data-suggestions=\"[]\" data-rule=\"ES_UNPAIRED_BRACKETS\" data-word=\"\u201c\">\u201c<\/span>del divino ni\u00f1o<span class=\"error grammar\" title=\"S\u00edmbolo desparejado: Parece que falta un \u2018&quot;\u2019.\" data-type=\"grammar\" data-suggestions=\"[]\" data-rule=\"ES_UNPAIRED_BRACKETS\" data-word=\"&quot;\">\u00ab<\/span> con lo que cerrar\u00e1 las actividades religiosas.<\/p>\n<p><img loading=\"lazy\" decoding=\"async\" class=\"alignnone size-full wp-image-46990\" src=\"https:\/\/www.municipiosyucatan.com\/wp\/wp-content\/uploads\/2022\/09\/IMG-20220831-WA0016.jpg\" alt=\"\" width=\"756\" height=\"568\" srcset=\"https:\/\/www.municipiosyucatan.com\/wp\/wp-content\/uploads\/2022\/09\/IMG-20220831-WA0016.jpg 756w, https:\/\/www.municipiosyucatan.com\/wp\/wp-content\/uploads\/2022\/09\/IMG-20220831-WA0016-80x60.jpg 80w, https:\/\/www.municipiosyucatan.com\/wp\/wp-content\/uploads\/2022\/09\/IMG-20220831-WA0016-265x198.jpg 265w\" sizes=\"auto, (max-width: 756px) 100vw, 756px\" \/><\/p>\n<p style=\"text-align: justify;\">La feligres\u00eda y la poblaci\u00f3n en general se preparan para celebrar dichas fiestas <span class=\"misspelling correction\" title=\"Se ha encontrado un posible error ortogr\u00e1fico.\" data-type=\"misspelling\" data-suggestions=\"[{&quot;value&quot;:&quot;todav\u00eda&quot;}]\" data-rule=\"MORFOLOGIK_RULE_ES\" data-word=\"todavia\">todav\u00eda<\/span> con <span class=\"grammar correction\" title=\"Error de concordancia.\" data-type=\"grammar\" data-suggestions=\"[{&quot;value&quot;:&quot;la recomendaci\u00f3n&quot;},{&quot;value&quot;:&quot;las recomendaciones&quot;}]\" data-rule=\"AGREEMENT_DET_NOUN\" data-word=\"la recomendaciones\">las recomendaciones<\/span> sanitarias; esto a\u00fan despu\u00e9s de m\u00e1s de dos a\u00f1os desde que se anunci\u00f3 la llegada del Covid-19 y que puso en pausa la mayor\u00eda a la mayor\u00eda de las muestras de devoci\u00f3n del pueblo Yucateco.<\/p>\n<p><img loading=\"lazy\" decoding=\"async\" class=\"alignnone size-full wp-image-46991\" src=\"https:\/\/www.municipiosyucatan.com\/wp\/wp-content\/uploads\/2022\/09\/IMG-20220831-WA0017.jpg\" alt=\"\" width=\"756\" height=\"652\" \/><\/p>\n","protected":false},"excerpt":{"rendered":"<p>Los gremios culminar\u00e1n el pr\u00f3ximo 9 de septiembre con la magna procesi\u00f3n de los santos patronos de las comisar\u00edas de Sotuta y la salida del \u00faltimo gremio \u201cdel Divino Ni\u00f1o\u00bb<\/p>\n","protected":false},"author":1,"featured_media":46990,"comment_status":"closed","ping_status":"closed","sticky":false,"template":"","format":"standard","meta":{"footnotes":""},"categories":[70,7707],"tags":[9282,9378,8077,9424,7137,11727],"class_list":["post-46988","post","type-post","status-publish","format-standard","has-post-thumbnail","category-sotuta","category-yucatan-centro","tag-feligreses","tag-iglesia","tag-misa","tag-religion","tag-sotuta","tag-virgen-de-la-natividad"],"_links":{"self":[{"href":"https:\/\/www.municipiosyucatan.com\/wp\/wp-json\/wp\/v2\/posts\/46988","targetHints":{"allow":["GET"]}}],"collection":[{"href":"https:\/\/www.municipiosyucatan.com\/wp\/wp-json\/wp\/v2\/posts"}],"about":[{"href":"https:\/\/www.municipiosyucatan.com\/wp\/wp-json\/wp\/v2\/types\/post"}],"author":[{"embeddable":true,"href":"https:\/\/www.municipiosyucatan.com\/wp\/wp-json\/wp\/v2\/users\/1"}],"replies":[{"embeddable":true,"href":"https:\/\/www.municipiosyucatan.com\/wp\/wp-json\/wp\/v2\/comments?post=46988"}],"version-history":[{"count":2,"href":"https:\/\/www.municipiosyucatan.com\/wp\/wp-json\/wp\/v2\/posts\/46988\/revisions"}],"predecessor-version":[{"id":46993,"href":"https:\/\/www.municipiosyucatan.com\/wp\/wp-json\/wp\/v2\/posts\/46988\/revisions\/46993"}],"wp:featuredmedia":[{"embeddable":true,"href":"https:\/\/www.municipiosyucatan.com\/wp\/wp-json\/wp\/v2\/media\/46990"}],"wp:attachment":[{"href":"https:\/\/www.municipiosyucatan.com\/wp\/wp-json\/wp\/v2\/media?parent=46988"}],"wp:term":[{"taxonomy":"category","embeddable":true,"href":"https:\/\/www.municipiosyucatan.com\/wp\/wp-json\/wp\/v2\/categories?post=46988"},{"taxonomy":"post_tag","embeddable":true,"href":"https:\/\/www.municipiosyucatan.com\/wp\/wp-json\/wp\/v2\/tags?post=46988"}],"curies":[{"name":"wp","href":"https:\/\/api.w.org\/{rel}","templated":true}]}}