{"id":47107,"date":"2022-09-07T14:58:11","date_gmt":"2022-09-07T19:58:11","guid":{"rendered":"https:\/\/www.municipiosyucatan.com\/wp\/?p=47107"},"modified":"2022-09-07T14:58:11","modified_gmt":"2022-09-07T19:58:11","slug":"conductora-se-le-baja-su-presion-tras-ser-chocada","status":"publish","type":"post","link":"https:\/\/www.municipiosyucatan.com\/wp\/conductora-se-le-baja-su-presion-tras-ser-chocada.html","title":{"rendered":"Conductora se le baja su presi\u00f3n tras ser chocada"},"content":{"rendered":"<p style=\"text-align: justify;\"><span class=\"error misspelling\" title=\"Se ha encontrado un posible error ortogr\u00e1fico.\" data-type=\"misspelling\" data-suggestions=\"[{&quot;value&quot;:&quot;Tim\u00f3n&quot;},{&quot;value&quot;:&quot;Dirimir&quot;},{&quot;value&quot;:&quot;Jazm\u00edn&quot;},{&quot;value&quot;:&quot;Tiz\u00f3n&quot;},{&quot;value&quot;:&quot;Dirimi\u00f3&quot;},{&quot;value&quot;:&quot;Dirim\u00eda&quot;},{&quot;value&quot;:&quot;Dis\u00edmil&quot;}]\" data-rule=\"MORFOLOGIK_RULE_ES\" data-word=\"Tizim\u00edn\">Tizim\u00edn<\/span>, Yucat\u00e1n, 7 de septiembre de 2022 (<span class=\"error misspelling\" title=\"Se ha encontrado un posible error ortogr\u00e1fico.\" data-type=\"misspelling\" data-suggestions=\"[{&quot;value&quot;:&quot;ACO&quot;},{&quot;value&quot;:&quot;ACOMA&quot;},{&quot;value&quot;:&quot;ACOS&quot;},{&quot;value&quot;:&quot;ACO M&quot;},{&quot;value&quot;:&quot;WACOM&quot;}]\" data-rule=\"MORFOLOGIK_RULE_ES\" data-word=\"ACOM\">ACOM<\/span>).-Con la presi\u00f3n baja termin\u00f3 una mujer luego de que un joven motociclista se estrellara con su moto en el auto donde viajaba.<\/p>\n<p><img loading=\"lazy\" decoding=\"async\" class=\"alignnone size-full wp-image-47108\" src=\"https:\/\/www.municipiosyucatan.com\/wp\/wp-content\/uploads\/2022\/09\/choque-4.jpg\" alt=\"\" width=\"756\" height=\"589\" \/><\/p>\n<p style=\"text-align: justify;\">El hecho se registr\u00f3 ayer sobre la calle 59 por 54 del centro de la ciudad, cuando Filia del Rosario F.T., de 65 a\u00f1os de <span class=\"grammar correction\" title=\"Probablemente falta una coma.\" data-type=\"grammar\" data-suggestions=\"[{&quot;value&quot;:&quot;edad,&quot;}]\" data-rule=\"AI_ES_HYDRA_LEO_MISSING_COMMA\" data-word=\"edad\">edad,<\/span> iba como acompa\u00f1ante en un auto <span class=\"error misspelling\" title=\"Se ha encontrado un posible error ortogr\u00e1fico.\" data-type=\"misspelling\" data-suggestions=\"[{&quot;value&quot;:&quot;Sur&quot;},{&quot;value&quot;:&quot;Tour&quot;},{&quot;value&quot;:&quot;Surf&quot;},{&quot;value&quot;:&quot;Gur\u00fa&quot;},{&quot;value&quot;:&quot;Usura&quot;},{&quot;value&quot;:&quot;Asura&quot;},{&quot;value&quot;:&quot;Tauro&quot;}]\" data-rule=\"MORFOLOGIK_RULE_ES\" data-word=\"Tsuru\">Tsuru<\/span> color negro, el cual manejaba su esposo Adriano P.P., de 65 a\u00f1os de edad.<\/p>\n<p style=\"text-align: justify;\">La pareja circulaba con preferencia de paso, pero en el cruce de la calle 59 se les <span class=\"grammar correction\" title=\"Si el verbo est\u00e1 en pasado, se escribe con tilde.\" data-type=\"grammar\" data-suggestions=\"[{&quot;value&quot;:&quot;estrell\u00f3&quot;}]\" data-rule=\"SE_CREO\" data-word=\"estrello\">estrell\u00f3<\/span> Ismael E.M., de 19 a\u00f1os de <span class=\"grammar correction\" title=\"Probablemente falta una coma.\" data-type=\"grammar\" data-suggestions=\"[{&quot;value&quot;:&quot;edad,&quot;}]\" data-rule=\"AI_ES_HYDRA_LEO_MISSING_COMMA\" data-word=\"edad\">edad,<\/span> quien iba a bordo de su motocicleta y no respeto la se\u00f1al de alto.<\/p>\n<p><img loading=\"lazy\" decoding=\"async\" class=\"alignnone size-full wp-image-47109\" src=\"https:\/\/www.municipiosyucatan.com\/wp\/wp-content\/uploads\/2022\/09\/choque-5.jpg\" alt=\"\" width=\"756\" height=\"629\" \/><\/p>\n<p style=\"text-align: justify;\">Debido al susto a do\u00f1a Filia se le <span class=\"grammar correction\" title=\"Si el verbo est\u00e1 en pasado, se escribe con tilde.\" data-type=\"grammar\" data-suggestions=\"[{&quot;value&quot;:&quot;baj\u00f3&quot;}]\" data-rule=\"SE_CREO\" data-word=\"bajo\">baj\u00f3<\/span> la presi\u00f3n, <span class=\"error grammar\" title=\"Error de concordancia.\" data-type=\"grammar\" data-suggestions=\"[{&quot;value&quot;:&quot;el param\u00e9dico&quot;},{&quot;value&quot;:&quot;los param\u00e9dicos&quot;},{&quot;value&quot;:&quot;la param\u00e9dica&quot;},{&quot;value&quot;:&quot;las param\u00e9dicas&quot;}]\" data-rule=\"AGREEMENT_DET_ADJ\" data-word=\"la param\u00e9dico\">la param\u00e9dico<\/span> de la polic\u00eda llego al sitio y la estabilizo. En cuanto, polic\u00edas municipales tomaron conocimiento de lo sucedido para deslindar responsabilidades.<\/p>\n","protected":false},"excerpt":{"rendered":"<p>El hecho se registr\u00f3 ayer sobre la calle 59 por 54 del centro de la ciudad<\/p>\n","protected":false},"author":1,"featured_media":47108,"comment_status":"closed","ping_status":"closed","sticky":false,"template":"","format":"standard","meta":{"footnotes":""},"categories":[97,7705],"tags":[3175,8680,11756,7152],"class_list":["post-47107","post","type-post","status-publish","format-standard","has-post-thumbnail","category-tizimin","category-yucatan-oriente","tag-accidente","tag-auto","tag-choque-de-moto","tag-tizimin"],"_links":{"self":[{"href":"https:\/\/www.municipiosyucatan.com\/wp\/wp-json\/wp\/v2\/posts\/47107","targetHints":{"allow":["GET"]}}],"collection":[{"href":"https:\/\/www.municipiosyucatan.com\/wp\/wp-json\/wp\/v2\/posts"}],"about":[{"href":"https:\/\/www.municipiosyucatan.com\/wp\/wp-json\/wp\/v2\/types\/post"}],"author":[{"embeddable":true,"href":"https:\/\/www.municipiosyucatan.com\/wp\/wp-json\/wp\/v2\/users\/1"}],"replies":[{"embeddable":true,"href":"https:\/\/www.municipiosyucatan.com\/wp\/wp-json\/wp\/v2\/comments?post=47107"}],"version-history":[{"count":1,"href":"https:\/\/www.municipiosyucatan.com\/wp\/wp-json\/wp\/v2\/posts\/47107\/revisions"}],"predecessor-version":[{"id":47110,"href":"https:\/\/www.municipiosyucatan.com\/wp\/wp-json\/wp\/v2\/posts\/47107\/revisions\/47110"}],"wp:featuredmedia":[{"embeddable":true,"href":"https:\/\/www.municipiosyucatan.com\/wp\/wp-json\/wp\/v2\/media\/47108"}],"wp:attachment":[{"href":"https:\/\/www.municipiosyucatan.com\/wp\/wp-json\/wp\/v2\/media?parent=47107"}],"wp:term":[{"taxonomy":"category","embeddable":true,"href":"https:\/\/www.municipiosyucatan.com\/wp\/wp-json\/wp\/v2\/categories?post=47107"},{"taxonomy":"post_tag","embeddable":true,"href":"https:\/\/www.municipiosyucatan.com\/wp\/wp-json\/wp\/v2\/tags?post=47107"}],"curies":[{"name":"wp","href":"https:\/\/api.w.org\/{rel}","templated":true}]}}