{"id":48019,"date":"2022-10-24T13:31:08","date_gmt":"2022-10-24T18:31:08","guid":{"rendered":"https:\/\/www.municipiosyucatan.com\/wp\/?p=48019"},"modified":"2022-10-24T13:31:08","modified_gmt":"2022-10-24T18:31:08","slug":"se-realiza-el-primer-maraton-colonial-de-valladolid","status":"publish","type":"post","link":"https:\/\/www.municipiosyucatan.com\/wp\/se-realiza-el-primer-maraton-colonial-de-valladolid.html","title":{"rendered":"Se realiza el primer Marat\u00f3n Colonial de Valladolid"},"content":{"rendered":"<p style=\"text-align: justify;\">Valladolid, Yucat\u00e1n, 24 de octubre de 2022 (<span class=\"error misspelling\" title=\"Se ha encontrado un posible error ortogr\u00e1fico.\" data-type=\"misspelling\" data-suggestions=\"[{&quot;value&quot;:&quot;ACO&quot;},{&quot;value&quot;:&quot;ACOMA&quot;},{&quot;value&quot;:&quot;ACOS&quot;},{&quot;value&quot;:&quot;ACO M&quot;},{&quot;value&quot;:&quot;WACOM&quot;}]\" data-rule=\"MORFOLOGIK_RULE_ES\" data-word=\"ACOM\">ACOM<\/span>).-En un ambiente de fiesta y con las expectativas esperadas, el Ayuntamiento llev\u00f3 a cabo el primer Marat\u00f3n Colonial Valladolid.<\/p>\n<p style=\"text-align: justify;\">El disparo de salida se llev\u00f3 a cabo a las 5:30 de la madrugada de ayer domingo en la comisar\u00eda de <span class=\"error misspelling\" title=\"Se ha encontrado un posible error ortogr\u00e1fico.\" data-type=\"misspelling\" data-suggestions=\"[{&quot;value&quot;:&quot;Gocen&quot;},{&quot;value&quot;:&quot;Rocen&quot;},{&quot;value&quot;:&quot;Hocen&quot;}]\" data-rule=\"MORFOLOGIK_RULE_ES\" data-word=\"Xoc\u00e9n\">Xoc\u00e9n<\/span>, llamado Centro del Mundo, en donde se traslad\u00f3 de manera gratuita a los deportistas participantes que as\u00ed lo requirieron en un cami\u00f3n destinado para la ocasi\u00f3n.<\/p>\n<p><img loading=\"lazy\" decoding=\"async\" class=\"alignnone size-full wp-image-48020\" src=\"https:\/\/www.municipiosyucatan.com\/wp\/wp-content\/uploads\/2022\/10\/IMG-20221024-WA0033.jpg\" alt=\"\" width=\"756\" height=\"504\" srcset=\"https:\/\/www.municipiosyucatan.com\/wp\/wp-content\/uploads\/2022\/10\/IMG-20221024-WA0033.jpg 756w, https:\/\/www.municipiosyucatan.com\/wp\/wp-content\/uploads\/2022\/10\/IMG-20221024-WA0033-696x464.jpg 696w\" sizes=\"auto, (max-width: 756px) 100vw, 756px\" \/><\/p>\n<p style=\"text-align: justify;\">Previamente, se llev\u00f3 a cabo una ceremonia maya para pedir por el \u00e9xito del evento. Los deportistas, despu\u00e9s de recorrer gran parte del perif\u00e9rico de Valladolid, pasaron por varias iglesias emblem\u00e1ticas de la ciudad, as\u00ed como puntos ic\u00f3nicos como la Calzada de los Frailes.<\/p>\n<p style=\"text-align: justify;\">No faltaron las personas que salieron a las puertas de sus casas a presenciar y motivar a los corredores. Avalado por la Federaci\u00f3n Mexicana de Atletismo y la Asociaci\u00f3n Yucateca de Atletismo, el Marat\u00f3n Colonial Valladolid cont\u00f3 con la participaci\u00f3n de cerca de 500 deportistas.<\/p>\n<p><img loading=\"lazy\" decoding=\"async\" class=\"alignnone size-full wp-image-48022\" src=\"https:\/\/www.municipiosyucatan.com\/wp\/wp-content\/uploads\/2022\/10\/IMG-20221024-WA0040.jpg\" alt=\"\" width=\"756\" height=\"504\" srcset=\"https:\/\/www.municipiosyucatan.com\/wp\/wp-content\/uploads\/2022\/10\/IMG-20221024-WA0040.jpg 756w, https:\/\/www.municipiosyucatan.com\/wp\/wp-content\/uploads\/2022\/10\/IMG-20221024-WA0040-696x464.jpg 696w\" sizes=\"auto, (max-width: 756px) 100vw, 756px\" \/><\/p>\n<p style=\"text-align: justify;\">Las familias que acudieron en compa\u00f1\u00eda de los participantes hicieron que la ocasi\u00f3n se convierta en una aut\u00e9ntica fiesta deportiva.<\/p>\n<p style=\"text-align: justify;\">En su mensaje, previo a la premiaci\u00f3n, el alcalde Alfredo Fern\u00e1ndez <span class=\"error misspelling\" title=\"Se ha encontrado un posible error ortogr\u00e1fico.\" data-type=\"misspelling\" data-suggestions=\"[{&quot;value&quot;:&quot;Arco&quot;},{&quot;value&quot;:&quot;Arce&quot;},{&quot;value&quot;:&quot;Arces&quot;},{&quot;value&quot;:&quot;Arc\u00e9n&quot;},{&quot;value&quot;:&quot;Arreo&quot;},{&quot;value&quot;:&quot;Arre\u00f3&quot;},{&quot;value&quot;:&quot;Arpeo&quot;}]\" data-rule=\"MORFOLOGIK_RULE_ES\" data-word=\"Arceo\">Arceo<\/span> asegur\u00f3 que Valladolid tiene mucho que aportar al mundo, por su historia, cultura, gastronom\u00eda, sitios arquitect\u00f3nicos y naturales.<\/p>\n<p><img loading=\"lazy\" decoding=\"async\" class=\"alignnone size-full wp-image-48021\" src=\"https:\/\/www.municipiosyucatan.com\/wp\/wp-content\/uploads\/2022\/10\/IMG-20221024-WA0039.jpg\" alt=\"\" width=\"756\" height=\"504\" srcset=\"https:\/\/www.municipiosyucatan.com\/wp\/wp-content\/uploads\/2022\/10\/IMG-20221024-WA0039.jpg 756w, https:\/\/www.municipiosyucatan.com\/wp\/wp-content\/uploads\/2022\/10\/IMG-20221024-WA0039-696x464.jpg 696w\" sizes=\"auto, (max-width: 756px) 100vw, 756px\" \/><\/p>\n<p style=\"text-align: justify;\">Mencion\u00f3 que est\u00e1 cumpliendo con un compromiso que hiciera en campa\u00f1a con los deportistas, y que lo que se busca en impulsar el turismo deportivo y generar econom\u00eda.<\/p>\n<p style=\"text-align: justify;\">Agradeci\u00f3 a todos por confiar en el proyecto del Marat\u00f3n, y afirm\u00f3 que el pr\u00f3ximo a\u00f1o buscar\u00e1n la consolidaci\u00f3n del mismo.<\/p>\n<p><img loading=\"lazy\" decoding=\"async\" class=\"alignnone size-full wp-image-48023\" src=\"https:\/\/www.municipiosyucatan.com\/wp\/wp-content\/uploads\/2022\/10\/IMG-20221024-WA0042.jpg\" alt=\"\" width=\"756\" height=\"504\" srcset=\"https:\/\/www.municipiosyucatan.com\/wp\/wp-content\/uploads\/2022\/10\/IMG-20221024-WA0042.jpg 756w, https:\/\/www.municipiosyucatan.com\/wp\/wp-content\/uploads\/2022\/10\/IMG-20221024-WA0042-696x464.jpg 696w\" sizes=\"auto, (max-width: 756px) 100vw, 756px\" \/><\/p>\n<p style=\"text-align: justify;\">Por \u00faltimo, invit\u00f3 a los corredores visitantes y a sus familias disfrutar la ciudad. \u201cValladolid lo tiene todo, deseamos que su estancia en \u00e9l sea de provecho\u201d, inst\u00f3.<\/p>\n<p style=\"text-align: justify;\">Cabe mencionar que el evento cont\u00f3 con todas las medidas de seguridad, servicio m\u00e9dico, ambulancia, protecci\u00f3n civil, puntos de hidrataci\u00f3n, masaje y recuperaci\u00f3n.<\/p>\n<p><img loading=\"lazy\" decoding=\"async\" class=\"alignnone size-full wp-image-48024\" src=\"https:\/\/www.municipiosyucatan.com\/wp\/wp-content\/uploads\/2022\/10\/IMG-20221024-WA0043.jpg\" alt=\"\" width=\"756\" height=\"504\" srcset=\"https:\/\/www.municipiosyucatan.com\/wp\/wp-content\/uploads\/2022\/10\/IMG-20221024-WA0043.jpg 756w, https:\/\/www.municipiosyucatan.com\/wp\/wp-content\/uploads\/2022\/10\/IMG-20221024-WA0043-696x464.jpg 696w\" sizes=\"auto, (max-width: 756px) 100vw, 756px\" \/><\/p>\n<p style=\"text-align: justify;\">El ganador absoluto de la carrera, con tiempo de 2 horas, 40 minutos y 39 <span class=\"grammar correction\" title=\"Probablemente falta una coma.\" data-type=\"grammar\" data-suggestions=\"[{&quot;value&quot;:&quot;segundos,&quot;}]\" data-rule=\"AI_ES_HYDRA_LEO_MISSING_COMMA\" data-word=\"segundos\">segundos,<\/span> fue Fernando Saavedra Le\u00f3n, en la rama varonil. Mientras, en la femenil, la primera en llegar fue Elisa Trujillo Santana, con tiempo de 3 horas, 30 minutos, 01 segundos<\/p>\n","protected":false},"excerpt":{"rendered":"<p>El disparo de salida se llev\u00f3 a cabo a las 5:30 de la madrugada de ayer domingo en la comisar\u00eda de Xoc\u00e9n<\/p>\n","protected":false},"author":1,"featured_media":48021,"comment_status":"closed","ping_status":"closed","sticky":false,"template":"","format":"standard","meta":{"footnotes":""},"categories":[103,7705],"tags":[4453,11987,4316,4088,3246],"class_list":["post-48019","post","type-post","status-publish","format-standard","has-post-thumbnail","category-valladolid","category-yucatan-oriente","tag-carrera","tag-corredores","tag-deporte","tag-maraton","tag-valladolid-2"],"_links":{"self":[{"href":"https:\/\/www.municipiosyucatan.com\/wp\/wp-json\/wp\/v2\/posts\/48019","targetHints":{"allow":["GET"]}}],"collection":[{"href":"https:\/\/www.municipiosyucatan.com\/wp\/wp-json\/wp\/v2\/posts"}],"about":[{"href":"https:\/\/www.municipiosyucatan.com\/wp\/wp-json\/wp\/v2\/types\/post"}],"author":[{"embeddable":true,"href":"https:\/\/www.municipiosyucatan.com\/wp\/wp-json\/wp\/v2\/users\/1"}],"replies":[{"embeddable":true,"href":"https:\/\/www.municipiosyucatan.com\/wp\/wp-json\/wp\/v2\/comments?post=48019"}],"version-history":[{"count":1,"href":"https:\/\/www.municipiosyucatan.com\/wp\/wp-json\/wp\/v2\/posts\/48019\/revisions"}],"predecessor-version":[{"id":48025,"href":"https:\/\/www.municipiosyucatan.com\/wp\/wp-json\/wp\/v2\/posts\/48019\/revisions\/48025"}],"wp:featuredmedia":[{"embeddable":true,"href":"https:\/\/www.municipiosyucatan.com\/wp\/wp-json\/wp\/v2\/media\/48021"}],"wp:attachment":[{"href":"https:\/\/www.municipiosyucatan.com\/wp\/wp-json\/wp\/v2\/media?parent=48019"}],"wp:term":[{"taxonomy":"category","embeddable":true,"href":"https:\/\/www.municipiosyucatan.com\/wp\/wp-json\/wp\/v2\/categories?post=48019"},{"taxonomy":"post_tag","embeddable":true,"href":"https:\/\/www.municipiosyucatan.com\/wp\/wp-json\/wp\/v2\/tags?post=48019"}],"curies":[{"name":"wp","href":"https:\/\/api.w.org\/{rel}","templated":true}]}}