{"id":50113,"date":"2022-11-24T19:43:37","date_gmt":"2022-11-25T01:43:37","guid":{"rendered":"https:\/\/www.municipiosyucatan.com\/wp\/?p=50113"},"modified":"2022-11-24T19:43:37","modified_gmt":"2022-11-25T01:43:37","slug":"choque-de-motos","status":"publish","type":"post","link":"https:\/\/www.municipiosyucatan.com\/wp\/choque-de-motos.html","title":{"rendered":"Choque de motos"},"content":{"rendered":"<p style=\"text-align: justify;\">Tizim\u00edn, Yucat\u00e1n, 24 de noviembre de 2022 (ACOM).-Por su falta de <span class=\"grammar correction\" title=\"Probablemente falta una coma.\" data-type=\"grammar\" data-suggestions=\"[{&quot;value&quot;:&quot;precauci\u00f3n,&quot;}]\" data-rule=\"AI_ES_HYDRA_LEO_MISSING_COMMA\" data-word=\"precauci\u00f3n\">precauci\u00f3n,<\/span> un motociclista termin\u00f3 causando un accidente sobre la calle 51 por 88 en <span class=\"error misspelling\" title=\"Se ha encontrado un posible error ortogr\u00e1fico.\" data-type=\"misspelling\" data-suggestions=\"[{&quot;value&quot;:&quot;Tim\u00f3n&quot;},{&quot;value&quot;:&quot;Dirimir&quot;},{&quot;value&quot;:&quot;Jazm\u00edn&quot;},{&quot;value&quot;:&quot;Tiz\u00f3n&quot;},{&quot;value&quot;:&quot;Dirimi\u00f3&quot;},{&quot;value&quot;:&quot;Dirim\u00eda&quot;},{&quot;value&quot;:&quot;Dis\u00edmil&quot;}]\" data-rule=\"MORFOLOGIK_RULE_ES\" data-word=\"Tizim\u00edn\">Tizim\u00edn<\/span>, salida hacia M\u00e9rida.<\/p>\n<p><img loading=\"lazy\" decoding=\"async\" class=\"alignnone size-full wp-image-50114\" src=\"https:\/\/www.municipiosyucatan.com\/wp\/wp-content\/uploads\/2022\/11\/IMG-20221124-WA0007.jpg\" alt=\"\" width=\"756\" height=\"735\" srcset=\"https:\/\/www.municipiosyucatan.com\/wp\/wp-content\/uploads\/2022\/11\/IMG-20221124-WA0007.jpg 756w, https:\/\/www.municipiosyucatan.com\/wp\/wp-content\/uploads\/2022\/11\/IMG-20221124-WA0007-696x677.jpg 696w\" sizes=\"auto, (max-width: 756px) 100vw, 756px\" \/><\/p>\n<p style=\"text-align: justify;\">Freddy Ignacio Y.P., de 30 a\u00f1os de edad, circulaba en su motocicleta, color azul, al llegar a un retorno maniobra para cambiar de carril sin la precauci\u00f3n adecuada y fue colisionado por otra <span class=\"grammar correction\" title=\"Probablemente falta una coma.\" data-type=\"grammar\" data-suggestions=\"[{&quot;value&quot;:&quot;motocicleta,&quot;}]\" data-rule=\"AI_ES_HYDRA_LEO_MISSING_COMMA\" data-word=\"motocicleta\">motocicleta,<\/span> el cual manejaba <span class=\"error misspelling\" title=\"Se ha encontrado un posible error ortogr\u00e1fico.\" data-type=\"misspelling\" data-suggestions=\"[{&quot;value&quot;:&quot;Lady&quot;},{&quot;value&quot;:&quot;Landa&quot;},{&quot;value&quot;:&quot;Land\u00f3&quot;},{&quot;value&quot;:&quot;Dandi&quot;},{&quot;value&quot;:&quot;Andy&quot;},{&quot;value&quot;:&quot;Candi&quot;},{&quot;value&quot;:&quot;Land&quot;}]\" data-rule=\"MORFOLOGIK_RULE_ES\" data-word=\"Landy\">Landy<\/span> <span class=\"error misspelling\" title=\"Se ha encontrado un posible error ortogr\u00e1fico.\" data-type=\"misspelling\" data-suggestions=\"[{&quot;value&quot;:&quot;Noem\u00ed&quot;}]\" data-rule=\"MORFOLOGIK_RULE_ES\" data-word=\"Nuemi\">Nuemi<\/span> T.V., de 32 a\u00f1os de edad.<\/p>\n<p><img loading=\"lazy\" decoding=\"async\" class=\"alignnone size-full wp-image-50115\" src=\"https:\/\/www.municipiosyucatan.com\/wp\/wp-content\/uploads\/2022\/11\/IMG-20221124-WA0014.jpg\" alt=\"\" width=\"756\" height=\"567\" srcset=\"https:\/\/www.municipiosyucatan.com\/wp\/wp-content\/uploads\/2022\/11\/IMG-20221124-WA0014.jpg 756w, https:\/\/www.municipiosyucatan.com\/wp\/wp-content\/uploads\/2022\/11\/IMG-20221124-WA0014-696x522.jpg 696w, https:\/\/www.municipiosyucatan.com\/wp\/wp-content\/uploads\/2022\/11\/IMG-20221124-WA0014-80x60.jpg 80w, https:\/\/www.municipiosyucatan.com\/wp\/wp-content\/uploads\/2022\/11\/IMG-20221124-WA0014-265x198.jpg 265w\" sizes=\"auto, (max-width: 756px) 100vw, 756px\" \/><\/p>\n<p style=\"text-align: justify;\">Debido a la <span class=\"misspelling correction\" title=\"Se ha encontrado un posible error ortogr\u00e1fico.\" data-type=\"misspelling\" data-suggestions=\"[{&quot;value&quot;:&quot;colisi\u00f3n&quot;},{&quot;value&quot;:&quot;comisi\u00f3n&quot;},{&quot;value&quot;:&quot;colision\u00f3&quot;},{&quot;value&quot;:&quot;colisiona&quot;},{&quot;value&quot;:&quot;colusi\u00f3n&quot;},{&quot;value&quot;:&quot;colisione&quot;},{&quot;value&quot;:&quot;colisiono&quot;}]\" data-rule=\"MORFOLOGIK_RULE_ES\" data-word=\"colision\">colisi\u00f3n<\/span> los ocupantes de ambas motos terminaron lesionados, fueron atendidos por <span class=\"misspelling correction\" title=\"Se ha encontrado un posible error ortogr\u00e1fico.\" data-type=\"misspelling\" data-suggestions=\"[{&quot;value&quot;:&quot;param\u00e9dicos&quot;},{&quot;value&quot;:&quot;param\u00e9dicas&quot;},{&quot;value&quot;:&quot;param\u00e9dico&quot;}]\" data-rule=\"MORFOLOGIK_RULE_ES\" data-word=\"paramedicos\">param\u00e9dicos<\/span> de la SSP.<\/p>\n","protected":false},"excerpt":{"rendered":"<p>Freddy Ignacio Y.P., de 30 a\u00f1os de edad, circulaba en su motocicleta, color azul, al llegar a un retorno maniobra para cambiar de carril sin la precauci\u00f3n adecuada y fue colisionado por otra motocicleta<\/p>\n","protected":false},"author":1,"featured_media":50115,"comment_status":"closed","ping_status":"closed","sticky":false,"template":"","format":"standard","meta":{"footnotes":""},"categories":[97,7705],"tags":[3175,3331,12073,9636,7152],"class_list":["post-50113","post","type-post","status-publish","format-standard","has-post-thumbnail","category-tizimin","category-yucatan-oriente","tag-accidente","tag-choque","tag-lesionados-en-choque","tag-motos","tag-tizimin"],"_links":{"self":[{"href":"https:\/\/www.municipiosyucatan.com\/wp\/wp-json\/wp\/v2\/posts\/50113","targetHints":{"allow":["GET"]}}],"collection":[{"href":"https:\/\/www.municipiosyucatan.com\/wp\/wp-json\/wp\/v2\/posts"}],"about":[{"href":"https:\/\/www.municipiosyucatan.com\/wp\/wp-json\/wp\/v2\/types\/post"}],"author":[{"embeddable":true,"href":"https:\/\/www.municipiosyucatan.com\/wp\/wp-json\/wp\/v2\/users\/1"}],"replies":[{"embeddable":true,"href":"https:\/\/www.municipiosyucatan.com\/wp\/wp-json\/wp\/v2\/comments?post=50113"}],"version-history":[{"count":1,"href":"https:\/\/www.municipiosyucatan.com\/wp\/wp-json\/wp\/v2\/posts\/50113\/revisions"}],"predecessor-version":[{"id":50116,"href":"https:\/\/www.municipiosyucatan.com\/wp\/wp-json\/wp\/v2\/posts\/50113\/revisions\/50116"}],"wp:featuredmedia":[{"embeddable":true,"href":"https:\/\/www.municipiosyucatan.com\/wp\/wp-json\/wp\/v2\/media\/50115"}],"wp:attachment":[{"href":"https:\/\/www.municipiosyucatan.com\/wp\/wp-json\/wp\/v2\/media?parent=50113"}],"wp:term":[{"taxonomy":"category","embeddable":true,"href":"https:\/\/www.municipiosyucatan.com\/wp\/wp-json\/wp\/v2\/categories?post=50113"},{"taxonomy":"post_tag","embeddable":true,"href":"https:\/\/www.municipiosyucatan.com\/wp\/wp-json\/wp\/v2\/tags?post=50113"}],"curies":[{"name":"wp","href":"https:\/\/api.w.org\/{rel}","templated":true}]}}