{"id":50899,"date":"2023-01-24T16:02:37","date_gmt":"2023-01-24T22:02:37","guid":{"rendered":"https:\/\/www.municipiosyucatan.com\/wp\/?p=50899"},"modified":"2023-01-24T16:02:37","modified_gmt":"2023-01-24T22:02:37","slug":"operativo-de-seguridad-en-calles-de-izamal","status":"publish","type":"post","link":"https:\/\/www.municipiosyucatan.com\/wp\/operativo-de-seguridad-en-calles-de-izamal.html","title":{"rendered":"Operativo de seguridad en calles de Izamal"},"content":{"rendered":"<p style=\"text-align: justify;\"><span class=\"error misspelling\" title=\"Se ha encontrado un posible error ortogr\u00e1fico.\" data-type=\"misspelling\" data-suggestions=\"[{&quot;value&quot;:&quot;Iza mal&quot;}]\" data-rule=\"MORFOLOGIK_RULE_ES\" data-word=\"Izamal\">Izamal<\/span>, Yucat\u00e1n, 23 de enero de 2023 (<span class=\"error misspelling\" title=\"Se ha encontrado un posible error ortogr\u00e1fico.\" data-type=\"misspelling\" data-suggestions=\"[{&quot;value&quot;:&quot;ACO&quot;},{&quot;value&quot;:&quot;ACOMA&quot;},{&quot;value&quot;:&quot;ACOS&quot;},{&quot;value&quot;:&quot;ACO M&quot;},{&quot;value&quot;:&quot;WACOM&quot;}]\" data-rule=\"MORFOLOGIK_RULE_ES\" data-word=\"ACOM\">ACOM<\/span>).-La Guardia Nacional, la Secretaria de Seguridad y la polic\u00eda municipal llevaron a cabo un operativo de seguridad y protecci\u00f3n en la ciudad de las Tres Culturas.<\/p>\n<p><img loading=\"lazy\" decoding=\"async\" class=\"alignnone size-full wp-image-50900\" src=\"https:\/\/www.municipiosyucatan.com\/wp\/wp-content\/uploads\/2023\/01\/IMG-20230123-WA0024.jpg\" alt=\"\" width=\"756\" height=\"567\" srcset=\"https:\/\/www.municipiosyucatan.com\/wp\/wp-content\/uploads\/2023\/01\/IMG-20230123-WA0024.jpg 756w, https:\/\/www.municipiosyucatan.com\/wp\/wp-content\/uploads\/2023\/01\/IMG-20230123-WA0024-696x522.jpg 696w, https:\/\/www.municipiosyucatan.com\/wp\/wp-content\/uploads\/2023\/01\/IMG-20230123-WA0024-80x60.jpg 80w, https:\/\/www.municipiosyucatan.com\/wp\/wp-content\/uploads\/2023\/01\/IMG-20230123-WA0024-265x198.jpg 265w\" sizes=\"auto, (max-width: 756px) 100vw, 756px\" \/><\/p>\n<p style=\"text-align: justify;\">El prop\u00f3sito de dichas acciones es para mantener la paz y la tranquilidad entre la poblaci\u00f3n civil. En este operativo participaron varias unidades de los tres niveles de gobierno con la intenci\u00f3n de mandar un claro mensaje a la sociedad civil a fin de salvaguardar la integridad f\u00edsica de los ciudadanos brindando seguridad y protecci\u00f3n en las colonias consideradas como conflictivas.<\/p>\n<p><img loading=\"lazy\" decoding=\"async\" class=\"alignnone size-full wp-image-50901\" src=\"https:\/\/www.municipiosyucatan.com\/wp\/wp-content\/uploads\/2023\/01\/IMG-20230123-WA0026.jpg\" alt=\"\" width=\"756\" height=\"567\" srcset=\"https:\/\/www.municipiosyucatan.com\/wp\/wp-content\/uploads\/2023\/01\/IMG-20230123-WA0026.jpg 756w, https:\/\/www.municipiosyucatan.com\/wp\/wp-content\/uploads\/2023\/01\/IMG-20230123-WA0026-696x522.jpg 696w, https:\/\/www.municipiosyucatan.com\/wp\/wp-content\/uploads\/2023\/01\/IMG-20230123-WA0026-80x60.jpg 80w, https:\/\/www.municipiosyucatan.com\/wp\/wp-content\/uploads\/2023\/01\/IMG-20230123-WA0026-265x198.jpg 265w\" sizes=\"auto, (max-width: 756px) 100vw, 756px\" \/><\/p>\n<p style=\"text-align: justify;\">El recorrido inici\u00f3 en el edificio de la polic\u00eda municipal comandado por el comandado Carlos Castro <span class=\"grammar correction\" title=\"Probablemente falta una coma.\" data-type=\"grammar\" data-suggestions=\"[{&quot;value&quot;:&quot;Rosado,&quot;}]\" data-rule=\"AI_ES_HYDRA_LEO_MISSING_COMMA\" data-word=\"Rosado\">Rosado,<\/span> qui\u00e9n encabez\u00f3 el recorrido por las colonias como Santo Domingo, San Rafael, San Francisco el Rastro, entre otros. Seg\u00fan el comandante Castro <span class=\"grammar correction\" title=\"Probablemente falta una coma.\" data-type=\"grammar\" data-suggestions=\"[{&quot;value&quot;:&quot;Rosado,&quot;}]\" data-rule=\"AI_ES_HYDRA_LEO_MISSING_COMMA\" data-word=\"Rosado\">Rosado,<\/span> al finalizar el operativo no hubo detenidos.<\/p>\n","protected":false},"excerpt":{"rendered":"<p>De acuerdo con el reporte de las autoridades, en esta actividad no se report\u00f3 ni una persona detenida <\/p>\n","protected":false},"author":1,"featured_media":50900,"comment_status":"closed","ping_status":"closed","sticky":false,"template":"","format":"standard","meta":{"footnotes":""},"categories":[41,7707],"tags":[7118,931],"class_list":["post-50899","post","type-post","status-publish","format-standard","has-post-thumbnail","category-izamal","category-yucatan-centro","tag-izamal","tag-operativo-de-seguridad"],"_links":{"self":[{"href":"https:\/\/www.municipiosyucatan.com\/wp\/wp-json\/wp\/v2\/posts\/50899","targetHints":{"allow":["GET"]}}],"collection":[{"href":"https:\/\/www.municipiosyucatan.com\/wp\/wp-json\/wp\/v2\/posts"}],"about":[{"href":"https:\/\/www.municipiosyucatan.com\/wp\/wp-json\/wp\/v2\/types\/post"}],"author":[{"embeddable":true,"href":"https:\/\/www.municipiosyucatan.com\/wp\/wp-json\/wp\/v2\/users\/1"}],"replies":[{"embeddable":true,"href":"https:\/\/www.municipiosyucatan.com\/wp\/wp-json\/wp\/v2\/comments?post=50899"}],"version-history":[{"count":1,"href":"https:\/\/www.municipiosyucatan.com\/wp\/wp-json\/wp\/v2\/posts\/50899\/revisions"}],"predecessor-version":[{"id":50902,"href":"https:\/\/www.municipiosyucatan.com\/wp\/wp-json\/wp\/v2\/posts\/50899\/revisions\/50902"}],"wp:featuredmedia":[{"embeddable":true,"href":"https:\/\/www.municipiosyucatan.com\/wp\/wp-json\/wp\/v2\/media\/50900"}],"wp:attachment":[{"href":"https:\/\/www.municipiosyucatan.com\/wp\/wp-json\/wp\/v2\/media?parent=50899"}],"wp:term":[{"taxonomy":"category","embeddable":true,"href":"https:\/\/www.municipiosyucatan.com\/wp\/wp-json\/wp\/v2\/categories?post=50899"},{"taxonomy":"post_tag","embeddable":true,"href":"https:\/\/www.municipiosyucatan.com\/wp\/wp-json\/wp\/v2\/tags?post=50899"}],"curies":[{"name":"wp","href":"https:\/\/api.w.org\/{rel}","templated":true}]}}