{"id":51007,"date":"2023-02-01T19:35:24","date_gmt":"2023-02-02T01:35:24","guid":{"rendered":"https:\/\/www.municipiosyucatan.com\/wp\/?p=51007"},"modified":"2023-02-01T19:35:24","modified_gmt":"2023-02-02T01:35:24","slug":"continua-la-busqueda-del-tirador-que-asesino-a-un-hombre-en-tizimin","status":"publish","type":"post","link":"https:\/\/www.municipiosyucatan.com\/wp\/continua-la-busqueda-del-tirador-que-asesino-a-un-hombre-en-tizimin.html","title":{"rendered":"Contin\u00faa la b\u00fasqueda del tirador que asesino a un hombre en Tizim\u00edn"},"content":{"rendered":"<p style=\"text-align: justify;\"><span class=\"error misspelling\" title=\"Se ha encontrado un posible error ortogr\u00e1fico.\" data-type=\"misspelling\" data-suggestions=\"[{&quot;value&quot;:&quot;Tim\u00f3n&quot;},{&quot;value&quot;:&quot;Dirimir&quot;},{&quot;value&quot;:&quot;Jazm\u00edn&quot;},{&quot;value&quot;:&quot;Tiz\u00f3n&quot;},{&quot;value&quot;:&quot;Dirimi\u00f3&quot;},{&quot;value&quot;:&quot;Dirim\u00eda&quot;},{&quot;value&quot;:&quot;Dis\u00edmil&quot;}]\" data-rule=\"MORFOLOGIK_RULE_ES\" data-word=\"Tizim\u00edn\">Tizim\u00edn<\/span>, Yucat\u00e1n, 1 de febrero de 2023 (<span class=\"error misspelling\" title=\"Se ha encontrado un posible error ortogr\u00e1fico.\" data-type=\"misspelling\" data-suggestions=\"[{&quot;value&quot;:&quot;ACO&quot;},{&quot;value&quot;:&quot;ACOMA&quot;},{&quot;value&quot;:&quot;ACOS&quot;},{&quot;value&quot;:&quot;ACO M&quot;},{&quot;value&quot;:&quot;WACOM&quot;}]\" data-rule=\"MORFOLOGIK_RULE_ES\" data-word=\"ACOM\">ACOM<\/span>).-Tras el hecho ocurrido el lunes en la ciudad de <span class=\"grammar correction\" title=\"Probablemente falta una coma.\" data-type=\"grammar\" data-suggestions=\"[{&quot;value&quot;:&quot;Reyes,&quot;}]\" data-rule=\"AI_ES_HYDRA_LEO_MISSING_COMMA\" data-word=\"Reyes\">Reyes,<\/span> donde un hombre perdi\u00f3 la vida tras ser baleado en la puerta de su casa, las salidas y entradas del municipio se encuentran cercado por polic\u00edas.<\/p>\n<p><img loading=\"lazy\" decoding=\"async\" class=\"alignnone size-full wp-image-51008\" src=\"https:\/\/www.municipiosyucatan.com\/wp\/wp-content\/uploads\/2023\/02\/IMG-20230201-WA0001.jpg\" alt=\"\" width=\"756\" height=\"567\" srcset=\"https:\/\/www.municipiosyucatan.com\/wp\/wp-content\/uploads\/2023\/02\/IMG-20230201-WA0001.jpg 756w, https:\/\/www.municipiosyucatan.com\/wp\/wp-content\/uploads\/2023\/02\/IMG-20230201-WA0001-696x522.jpg 696w, https:\/\/www.municipiosyucatan.com\/wp\/wp-content\/uploads\/2023\/02\/IMG-20230201-WA0001-80x60.jpg 80w, https:\/\/www.municipiosyucatan.com\/wp\/wp-content\/uploads\/2023\/02\/IMG-20230201-WA0001-265x198.jpg 265w\" sizes=\"auto, (max-width: 756px) 100vw, 756px\" \/><\/p>\n<p style=\"text-align: justify;\">Hasta hoy las autoridades de la Polic\u00eda Estatal de investigaci\u00f3n (<span class=\"error misspelling\" title=\"Se ha encontrado un posible error ortogr\u00e1fico.\" data-type=\"misspelling\" data-suggestions=\"[{&quot;value&quot;:&quot;PE\u00cd&quot;},{&quot;value&quot;:&quot;PEZ&quot;},{&quot;value&quot;:&quot;PBI&quot;},{&quot;value&quot;:&quot;PCI&quot;},{&quot;value&quot;:&quot;PE&quot;},{&quot;value&quot;:&quot;PI&quot;},{&quot;value&quot;:&quot;PDI&quot;}]\" data-rule=\"MORFOLOGIK_RULE_ES\" data-word=\"PEI\">PEI<\/span>) de la Secretar\u00eda de Seguridad P\u00fablica (SSP) en coordinaci\u00f3n con la Fiscal\u00eda General del Estado (<span class=\"error misspelling\" title=\"Se ha encontrado un posible error ortogr\u00e1fico.\" data-type=\"misspelling\" data-suggestions=\"[{&quot;value&quot;:&quot;FUE&quot;},{&quot;value&quot;:&quot;FE&quot;},{&quot;value&quot;:&quot;F\u00cdE&quot;},{&quot;value&quot;:&quot;FIE&quot;},{&quot;value&quot;:&quot;GE&quot;}]\" data-rule=\"MORFOLOGIK_RULE_ES\" data-word=\"FGE\">FGE<\/span>) trabajan en el esclarecimiento de los hechos.<\/p>\n<p style=\"text-align: justify;\">Fuentes cercanas confirmaron que fue solo un tirador quien el lunes espero que el ahora occiso; Javier Humberto L.M., saliera de su domicilio para acercarse a la ventana de su camioneta y dispararle en 4 ocasiones.<\/p>\n<p><img loading=\"lazy\" decoding=\"async\" class=\"alignnone size-full wp-image-51009\" src=\"https:\/\/www.municipiosyucatan.com\/wp\/wp-content\/uploads\/2023\/02\/IMG-20230201-WA0002.jpg\" alt=\"\" width=\"756\" height=\"567\" srcset=\"https:\/\/www.municipiosyucatan.com\/wp\/wp-content\/uploads\/2023\/02\/IMG-20230201-WA0002.jpg 756w, https:\/\/www.municipiosyucatan.com\/wp\/wp-content\/uploads\/2023\/02\/IMG-20230201-WA0002-696x522.jpg 696w, https:\/\/www.municipiosyucatan.com\/wp\/wp-content\/uploads\/2023\/02\/IMG-20230201-WA0002-80x60.jpg 80w, https:\/\/www.municipiosyucatan.com\/wp\/wp-content\/uploads\/2023\/02\/IMG-20230201-WA0002-265x198.jpg 265w\" sizes=\"auto, (max-width: 756px) 100vw, 756px\" \/><\/p>\n<p style=\"text-align: justify;\"><span class=\"grammar correction\" title=\"Si el adverbio \u00abposteriormente\u00bb se refiere a toda la frase, y no solo al verbo, es recomendable usar una coma.\" data-type=\"grammar\" data-suggestions=\"[{&quot;value&quot;:&quot;Posteriormente,&quot;}]\" data-rule=\"COMMA_ADVERB\" data-word=\"Posteriormente\">Posteriormente,<\/span> se observa a un joven de 17 a\u00f1os (hijo de la v\u00edctima), quien descendi\u00f3 del auto y saca de su ropa una pistola <span class=\"error misspelling\" title=\"Se ha encontrado un posible error ortogr\u00e1fico.\" data-type=\"misspelling\" data-suggestions=\"[{&quot;value&quot;:&quot;Gluck&quot;}]\" data-rule=\"MORFOLOGIK_RULE_ES\" data-word=\"Glock\">Glock<\/span> calibre 9 <span class=\"grammar correction\" title=\"Probablemente falta una coma.\" data-type=\"grammar\" data-suggestions=\"[{&quot;value&quot;:&quot;mil\u00edmetros,&quot;}]\" data-rule=\"AI_ES_HYDRA_LEO_MISSING_COMMA\" data-word=\"mil\u00edmetros\">mil\u00edmetros,<\/span> el cual su precio oscila entre los 70 a 80 mil pesos y repele el ataque.<\/p>\n<p style=\"text-align: justify;\">Lo que tambi\u00e9n enciende las alarmas es la sospecha de que si el joven acud\u00eda armado a su escuela, una conocida preparar\u00eda de la ciudad, pues aunque no se confirma oficialmente, se sabe que el adolescente saco el arma con el cual repeli\u00f3 el ataque dentro de su uniforme que portaba.<\/p>\n<p><img loading=\"lazy\" decoding=\"async\" class=\"alignnone size-full wp-image-51010\" src=\"https:\/\/www.municipiosyucatan.com\/wp\/wp-content\/uploads\/2023\/02\/IMG-20230201-WA0003.jpg\" alt=\"\" width=\"756\" height=\"567\" srcset=\"https:\/\/www.municipiosyucatan.com\/wp\/wp-content\/uploads\/2023\/02\/IMG-20230201-WA0003.jpg 756w, https:\/\/www.municipiosyucatan.com\/wp\/wp-content\/uploads\/2023\/02\/IMG-20230201-WA0003-696x522.jpg 696w, https:\/\/www.municipiosyucatan.com\/wp\/wp-content\/uploads\/2023\/02\/IMG-20230201-WA0003-80x60.jpg 80w, https:\/\/www.municipiosyucatan.com\/wp\/wp-content\/uploads\/2023\/02\/IMG-20230201-WA0003-265x198.jpg 265w\" sizes=\"auto, (max-width: 756px) 100vw, 756px\" \/><\/p>\n<p style=\"text-align: justify;\">Hasta hoy, se sabe que el solitario pistolero que privo de la vida al quintanarroense, sigue pr\u00f3fugo de las autoridades. La Fiscal\u00eda y la Polic\u00eda de Investigaci\u00f3n siguen trabajando con los videos de las c\u00e1maras de seguridad de la vivienda, as\u00ed como con las que se cuenta en la ciudad.<\/p>\n<p style=\"text-align: justify;\">Por ello las entradas y salidas de la ciudad se encuentran cercadas, en cada ret\u00e9n instalado los oficiales han revisado todo tipo de veh\u00edculos, desde motos hasta autobuses. Las revisiones minuciosas han derivado al aseguramiento de indocumentados y la detenci\u00f3n de personas que viajan con m\u00ednimas cantidades de Cannabis.<\/p>\n","protected":false},"excerpt":{"rendered":"<p>Hasta hoy las autoridades de la Polic\u00eda Estatal de investigaci\u00f3n (PEI) de la Secretar\u00eda de Seguridad P\u00fablica (SSP) en coordinaci\u00f3n con la Fiscal\u00eda General del Estado (FGE) trabajan en el esclarecimiento de los hechos.<\/p>\n","protected":false},"author":1,"featured_media":51009,"comment_status":"closed","ping_status":"closed","sticky":false,"template":"","format":"standard","meta":{"footnotes":""},"categories":[97,7705],"tags":[3813,12268,931,7152],"class_list":["post-51007","post","type-post","status-publish","format-standard","has-post-thumbnail","category-tizimin","category-yucatan-oriente","tag-asesinato","tag-buscan-al-asesino","tag-operativo-de-seguridad","tag-tizimin"],"_links":{"self":[{"href":"https:\/\/www.municipiosyucatan.com\/wp\/wp-json\/wp\/v2\/posts\/51007","targetHints":{"allow":["GET"]}}],"collection":[{"href":"https:\/\/www.municipiosyucatan.com\/wp\/wp-json\/wp\/v2\/posts"}],"about":[{"href":"https:\/\/www.municipiosyucatan.com\/wp\/wp-json\/wp\/v2\/types\/post"}],"author":[{"embeddable":true,"href":"https:\/\/www.municipiosyucatan.com\/wp\/wp-json\/wp\/v2\/users\/1"}],"replies":[{"embeddable":true,"href":"https:\/\/www.municipiosyucatan.com\/wp\/wp-json\/wp\/v2\/comments?post=51007"}],"version-history":[{"count":1,"href":"https:\/\/www.municipiosyucatan.com\/wp\/wp-json\/wp\/v2\/posts\/51007\/revisions"}],"predecessor-version":[{"id":51011,"href":"https:\/\/www.municipiosyucatan.com\/wp\/wp-json\/wp\/v2\/posts\/51007\/revisions\/51011"}],"wp:featuredmedia":[{"embeddable":true,"href":"https:\/\/www.municipiosyucatan.com\/wp\/wp-json\/wp\/v2\/media\/51009"}],"wp:attachment":[{"href":"https:\/\/www.municipiosyucatan.com\/wp\/wp-json\/wp\/v2\/media?parent=51007"}],"wp:term":[{"taxonomy":"category","embeddable":true,"href":"https:\/\/www.municipiosyucatan.com\/wp\/wp-json\/wp\/v2\/categories?post=51007"},{"taxonomy":"post_tag","embeddable":true,"href":"https:\/\/www.municipiosyucatan.com\/wp\/wp-json\/wp\/v2\/tags?post=51007"}],"curies":[{"name":"wp","href":"https:\/\/api.w.org\/{rel}","templated":true}]}}