{"id":51096,"date":"2023-02-08T15:08:33","date_gmt":"2023-02-08T21:08:33","guid":{"rendered":"https:\/\/www.municipiosyucatan.com\/wp\/?p=51096"},"modified":"2023-02-08T15:08:33","modified_gmt":"2023-02-08T21:08:33","slug":"trabajadores-del-tren-maya-se-manifiestan-dicen-que-no-les-pagan-su-chamba","status":"publish","type":"post","link":"https:\/\/www.municipiosyucatan.com\/wp\/trabajadores-del-tren-maya-se-manifiestan-dicen-que-no-les-pagan-su-chamba.html","title":{"rendered":"Trabajadores del Tren Maya se manifiestan, dicen que no les pagan su chamba"},"content":{"rendered":"<p style=\"text-align: justify;\">Valladolid, Yucat\u00e1n, 8 de febrero de 2023 (<span class=\"error misspelling\" title=\"Se ha encontrado un posible error ortogr\u00e1fico.\" data-type=\"misspelling\" data-suggestions=\"[{&quot;value&quot;:&quot;ACO&quot;},{&quot;value&quot;:&quot;ACOMA&quot;},{&quot;value&quot;:&quot;ACOS&quot;},{&quot;value&quot;:&quot;ACO M&quot;},{&quot;value&quot;:&quot;WACOM&quot;}]\" data-rule=\"MORFOLOGIK_RULE_ES\" data-word=\"ACOM\">ACOM<\/span>).-Alrededor de 50 empleados de la empresa ICA que laboran en las obras del Tren Maya se manifestaron esta ma\u00f1ana en las oficinas centrales de la empresa exigiendo pagos atrasados que les deben.<\/p>\n<p><img loading=\"lazy\" decoding=\"async\" class=\"alignnone size-full wp-image-51097\" src=\"https:\/\/www.municipiosyucatan.com\/wp\/wp-content\/uploads\/2023\/02\/GNYUC-VALLADOLID-NUEVA-PROTESTAS-DE-TRABAJADORES-DEL-TREN-MAYA-1.jpg\" alt=\"\" width=\"756\" height=\"759\" srcset=\"https:\/\/www.municipiosyucatan.com\/wp\/wp-content\/uploads\/2023\/02\/GNYUC-VALLADOLID-NUEVA-PROTESTAS-DE-TRABAJADORES-DEL-TREN-MAYA-1.jpg 756w, https:\/\/www.municipiosyucatan.com\/wp\/wp-content\/uploads\/2023\/02\/GNYUC-VALLADOLID-NUEVA-PROTESTAS-DE-TRABAJADORES-DEL-TREN-MAYA-1-696x699.jpg 696w\" sizes=\"auto, (max-width: 756px) 100vw, 756px\" \/><\/p>\n<p style=\"text-align: justify;\">Los obreros llegaron al sitio y le exigieron al responsable de <span class=\"grammar correction\" title=\"Posible confusi\u00f3n. Pronombre \u00e1tono sin verbo.\" data-type=\"grammar\" data-suggestions=\"[{&quot;value&quot;:&quot;la obra&quot;},{&quot;value&quot;:&quot;la obrar\u00e1&quot;}]\" data-rule=\"PRONOMBRE_SIN_VERBO\" data-word=\"la obrar\">la obra<\/span> cumplir con los pagos atrasados que les deb\u00edan, hay que recordar que el pasado s\u00e1bado los empleados bloquearon la salida a Valladolid por falta de pagos.<\/p>\n<p><img loading=\"lazy\" decoding=\"async\" class=\"alignnone size-full wp-image-51098\" src=\"https:\/\/www.municipiosyucatan.com\/wp\/wp-content\/uploads\/2023\/02\/GNYUC-VALLADOLID-NUEVA-PROTESTAS-DE-TRABAJADORES-DEL-TREN-MAYA-2.jpg\" alt=\"\" width=\"756\" height=\"778\" srcset=\"https:\/\/www.municipiosyucatan.com\/wp\/wp-content\/uploads\/2023\/02\/GNYUC-VALLADOLID-NUEVA-PROTESTAS-DE-TRABAJADORES-DEL-TREN-MAYA-2.jpg 756w, https:\/\/www.municipiosyucatan.com\/wp\/wp-content\/uploads\/2023\/02\/GNYUC-VALLADOLID-NUEVA-PROTESTAS-DE-TRABAJADORES-DEL-TREN-MAYA-2-696x716.jpg 696w\" sizes=\"auto, (max-width: 756px) 100vw, 756px\" \/><\/p>\n<p style=\"text-align: justify;\">Adem\u00e1s, los trabajadores pidieron mejores condiciones laborales, equipo adecuado para desempe\u00f1arse y que no haya represalias por las protestas.<\/p>\n<p><img loading=\"lazy\" decoding=\"async\" class=\"alignnone size-full wp-image-51099\" src=\"https:\/\/www.municipiosyucatan.com\/wp\/wp-content\/uploads\/2023\/02\/GNYUC-VALLADOLID-NUEVA-PROTESTAS-DE-TRABAJADORES-DEL-TREN-MAYA-3.jpg\" alt=\"\" width=\"756\" height=\"757\" srcset=\"https:\/\/www.municipiosyucatan.com\/wp\/wp-content\/uploads\/2023\/02\/GNYUC-VALLADOLID-NUEVA-PROTESTAS-DE-TRABAJADORES-DEL-TREN-MAYA-3.jpg 756w, https:\/\/www.municipiosyucatan.com\/wp\/wp-content\/uploads\/2023\/02\/GNYUC-VALLADOLID-NUEVA-PROTESTAS-DE-TRABAJADORES-DEL-TREN-MAYA-3-696x697.jpg 696w\" sizes=\"auto, (max-width: 756px) 100vw, 756px\" \/><\/p>\n<p style=\"text-align: justify;\">Tras varios minutos de expresar sus peticiones lograron llegar a un arreglo con el encargado de la <span class=\"grammar correction\" title=\"Probablemente falta una coma.\" data-type=\"grammar\" data-suggestions=\"[{&quot;value&quot;:&quot;oficina,&quot;}]\" data-rule=\"AI_ES_HYDRA_LEO_MISSING_COMMA\" data-word=\"oficina\">oficina,<\/span> quien se comprometi\u00f3 a pagar todo lo que se le debe a los obreros, se les dotara de su equipo necesario, adem\u00e1s se seguir\u00e1 respetando los salarios que cada empleado <span class=\"grammar correction\" title=\"Si es del v.\u00a0\u2018tener\u2019, lleva tilde. Puede ser, m\u00e1s raramente, un sustantivo sin tilde.\" data-type=\"grammar\" data-suggestions=\"[{&quot;value&quot;:&quot;ten\u00eda&quot;}]\" data-rule=\"TENIA\" data-word=\"tenia\">ten\u00eda<\/span>.<\/p>\n","protected":false},"excerpt":{"rendered":"<p>Los obreros exigieron al responsable de la obra cumplir con los pagos atrasados que les deb\u00edan, hay que recordar que el pasado s\u00e1bado los empleados bloquearon la salida a Valladolid por falta de pagos.<\/p>\n","protected":false},"author":1,"featured_media":51098,"comment_status":"closed","ping_status":"closed","sticky":false,"template":"","format":"standard","meta":{"footnotes":""},"categories":[103,7705],"tags":[8859,9440,3246],"class_list":["post-51096","post","type-post","status-publish","format-standard","has-post-thumbnail","category-valladolid","category-yucatan-oriente","tag-manifestacion","tag-tren-maya","tag-valladolid-2"],"_links":{"self":[{"href":"https:\/\/www.municipiosyucatan.com\/wp\/wp-json\/wp\/v2\/posts\/51096","targetHints":{"allow":["GET"]}}],"collection":[{"href":"https:\/\/www.municipiosyucatan.com\/wp\/wp-json\/wp\/v2\/posts"}],"about":[{"href":"https:\/\/www.municipiosyucatan.com\/wp\/wp-json\/wp\/v2\/types\/post"}],"author":[{"embeddable":true,"href":"https:\/\/www.municipiosyucatan.com\/wp\/wp-json\/wp\/v2\/users\/1"}],"replies":[{"embeddable":true,"href":"https:\/\/www.municipiosyucatan.com\/wp\/wp-json\/wp\/v2\/comments?post=51096"}],"version-history":[{"count":1,"href":"https:\/\/www.municipiosyucatan.com\/wp\/wp-json\/wp\/v2\/posts\/51096\/revisions"}],"predecessor-version":[{"id":51100,"href":"https:\/\/www.municipiosyucatan.com\/wp\/wp-json\/wp\/v2\/posts\/51096\/revisions\/51100"}],"wp:featuredmedia":[{"embeddable":true,"href":"https:\/\/www.municipiosyucatan.com\/wp\/wp-json\/wp\/v2\/media\/51098"}],"wp:attachment":[{"href":"https:\/\/www.municipiosyucatan.com\/wp\/wp-json\/wp\/v2\/media?parent=51096"}],"wp:term":[{"taxonomy":"category","embeddable":true,"href":"https:\/\/www.municipiosyucatan.com\/wp\/wp-json\/wp\/v2\/categories?post=51096"},{"taxonomy":"post_tag","embeddable":true,"href":"https:\/\/www.municipiosyucatan.com\/wp\/wp-json\/wp\/v2\/tags?post=51096"}],"curies":[{"name":"wp","href":"https:\/\/api.w.org\/{rel}","templated":true}]}}