{"id":51529,"date":"2023-03-07T21:44:29","date_gmt":"2023-03-08T03:44:29","guid":{"rendered":"https:\/\/www.municipiosyucatan.com\/wp\/?p=51529"},"modified":"2023-03-07T21:44:29","modified_gmt":"2023-03-08T03:44:29","slug":"olvida-donde-pone-la-moto-y-hace-que-medio-mundo-la-busque-hasta-los-polis","status":"publish","type":"post","link":"https:\/\/www.municipiosyucatan.com\/wp\/olvida-donde-pone-la-moto-y-hace-que-medio-mundo-la-busque-hasta-los-polis.html","title":{"rendered":"Olvida donde pone la moto y hace que medio mundo la busque, hasta los polis"},"content":{"rendered":"<p style=\"text-align: justify;\"><span class=\"error misspelling\" title=\"Se ha encontrado un posible error ortogr\u00e1fico.\" data-type=\"misspelling\" data-suggestions=\"[{&quot;value&quot;:&quot;Tim\u00f3n&quot;},{&quot;value&quot;:&quot;Dirimir&quot;},{&quot;value&quot;:&quot;Jazm\u00edn&quot;},{&quot;value&quot;:&quot;Tiz\u00f3n&quot;},{&quot;value&quot;:&quot;Dirimi\u00f3&quot;},{&quot;value&quot;:&quot;Dirim\u00eda&quot;},{&quot;value&quot;:&quot;Dis\u00edmil&quot;}]\" data-rule=\"MORFOLOGIK_RULE_ES\" data-word=\"Tizim\u00edn\">Tizim\u00edn<\/span>, Yucat\u00e1n, 7 de marzo de 2023 (<span class=\"error misspelling\" title=\"Se ha encontrado un posible error ortogr\u00e1fico.\" data-type=\"misspelling\" data-suggestions=\"[{&quot;value&quot;:&quot;ACO&quot;},{&quot;value&quot;:&quot;ACOMA&quot;},{&quot;value&quot;:&quot;ACOS&quot;},{&quot;value&quot;:&quot;ACO M&quot;},{&quot;value&quot;:&quot;WACOM&quot;}]\" data-rule=\"MORFOLOGIK_RULE_ES\" data-word=\"ACOM\">ACOM<\/span>).-Un borracho que olvid\u00f3 donde dej\u00f3 su motocicleta y moviliz\u00f3 a polic\u00edas ayer lunes.<\/p>\n<p><img loading=\"lazy\" decoding=\"async\" class=\"alignnone size-full wp-image-51530\" src=\"https:\/\/www.municipiosyucatan.com\/wp\/wp-content\/uploads\/2023\/03\/IMG-20230306-WA0019.jpg\" alt=\"\" width=\"756\" height=\"337\" srcset=\"https:\/\/www.municipiosyucatan.com\/wp\/wp-content\/uploads\/2023\/03\/IMG-20230306-WA0019.jpg 756w, https:\/\/www.municipiosyucatan.com\/wp\/wp-content\/uploads\/2023\/03\/IMG-20230306-WA0019-696x310.jpg 696w\" sizes=\"auto, (max-width: 756px) 100vw, 756px\" \/><\/p>\n<p style=\"text-align: justify;\">El hecho se registr\u00f3 en la comisar\u00eda de <span class=\"error misspelling\" title=\"Se ha encontrado un posible error ortogr\u00e1fico.\" data-type=\"misspelling\" data-suggestions=\"[{&quot;value&quot;:&quot;Don\u00f3&quot;},{&quot;value&quot;:&quot;Ozono&quot;},{&quot;value&quot;:&quot;Dono&quot;},{&quot;value&quot;:&quot;Donut&quot;},{&quot;value&quot;:&quot;Ozonos&quot;},{&quot;value&quot;:&quot;Ozon\u00f3&quot;},{&quot;value&quot;:&quot;Zonote&quot;}]\" data-rule=\"MORFOLOGIK_RULE_ES\" data-word=\"Dzonot\">Dzonot<\/span> Carretero, Jos\u00e9 Luis C.C., de 47 a\u00f1os de <span class=\"grammar correction\" title=\"Probablemente falta una coma.\" data-type=\"grammar\" data-suggestions=\"[{&quot;value&quot;:&quot;edad,&quot;}]\" data-rule=\"AI_ES_HYDRA_LEO_MISSING_COMMA\" data-word=\"edad\">edad,<\/span> acudi\u00f3 a la comisaria para pedir ayuda de los oficiales<span class=\"grammar correction\" title=\"Con el sentido de causa (\u2018puesto que\u2019), \u00abpues\u00bb se escribe preferiblemente con una coma antes. Con valor continuativo (\u2018por tanto\u2019), se escribe entre dos comas.\" data-type=\"grammar\" data-suggestions=\"[{&quot;value&quot;:&quot;, pues&quot;},{&quot;value&quot;:&quot;, pues,&quot;}]\" data-rule=\"PUES_COMAS\" data-word=\" pues\">, pues<\/span> dijo que le hab\u00edan robado su motocicleta. Los agentes lo abordaron a la patrulla y comenzaron a buscarlo, en el trayecto el sujeto dijo que una noche antes hab\u00eda tomado en una casa de la localidad.<\/p>\n<p><img loading=\"lazy\" decoding=\"async\" class=\"alignnone size-full wp-image-51531\" src=\"https:\/\/www.municipiosyucatan.com\/wp\/wp-content\/uploads\/2023\/03\/IMG-20230306-WA0020.jpg\" alt=\"\" width=\"756\" height=\"672\" srcset=\"https:\/\/www.municipiosyucatan.com\/wp\/wp-content\/uploads\/2023\/03\/IMG-20230306-WA0020.jpg 756w, https:\/\/www.municipiosyucatan.com\/wp\/wp-content\/uploads\/2023\/03\/IMG-20230306-WA0020-696x619.jpg 696w\" sizes=\"auto, (max-width: 756px) 100vw, 756px\" \/><\/p>\n<p style=\"text-align: justify;\">Los polic\u00edas acudieron hasta el predio y se entrevistaron con la <span class=\"grammar correction\" title=\"Probablemente falta una coma.\" data-type=\"grammar\" data-suggestions=\"[{&quot;value&quot;:&quot;duela,&quot;}]\" data-rule=\"AI_ES_HYDRA_LEO_MISSING_COMMA\" data-word=\"duela\">duela,<\/span> quien dijo desconocer sobre el tema<span class=\"grammar correction\" title=\"En la mayor\u00eda de los casos la conjunci\u00f3n \u2018pero\u2019 va precedida de una coma.\" data-type=\"grammar\" data-suggestions=\"[{&quot;value&quot;:&quot;, pero&quot;}]\" data-rule=\"COMMA_PERO\" data-word=\" pero\">, pero<\/span> que una noche antes el sujeto hab\u00eda estado impertinente en su casa. <span class=\"grammar correction\" title=\"Si el adverbio \u00abposteriormente\u00bb se refiere a toda la frase, y no solo al verbo, es recomendable usar una coma.\" data-type=\"grammar\" data-suggestions=\"[{&quot;value&quot;:&quot;Posteriormente,&quot;}]\" data-rule=\"COMMA_ADVERB\" data-word=\"Posteriormente\">Posteriormente,<\/span> regresaron a la casa del sujeto y vio que ya estaba su motocicleta en su casa, fue su yerno que lo llev\u00f3 a su predio al ver que su suegro estaba alcoholizado.<\/p>\n","protected":false},"excerpt":{"rendered":"<p>El hecho se registr\u00f3 en la comisar\u00eda de Dzonot Carretero<\/p>\n","protected":false},"author":1,"featured_media":51530,"comment_status":"closed","ping_status":"closed","sticky":false,"template":"","format":"standard","meta":{"footnotes":""},"categories":[97,7705],"tags":[12372,12371,9395,12370,7152],"class_list":["post-51529","post","type-post","status-publish","format-standard","has-post-thumbnail","category-tizimin","category-yucatan-oriente","tag-borracho-pierde-la-moto","tag-denuncia-por-perdida-de-moto","tag-moto","tag-se-pierde-moto","tag-tizimin"],"_links":{"self":[{"href":"https:\/\/www.municipiosyucatan.com\/wp\/wp-json\/wp\/v2\/posts\/51529","targetHints":{"allow":["GET"]}}],"collection":[{"href":"https:\/\/www.municipiosyucatan.com\/wp\/wp-json\/wp\/v2\/posts"}],"about":[{"href":"https:\/\/www.municipiosyucatan.com\/wp\/wp-json\/wp\/v2\/types\/post"}],"author":[{"embeddable":true,"href":"https:\/\/www.municipiosyucatan.com\/wp\/wp-json\/wp\/v2\/users\/1"}],"replies":[{"embeddable":true,"href":"https:\/\/www.municipiosyucatan.com\/wp\/wp-json\/wp\/v2\/comments?post=51529"}],"version-history":[{"count":1,"href":"https:\/\/www.municipiosyucatan.com\/wp\/wp-json\/wp\/v2\/posts\/51529\/revisions"}],"predecessor-version":[{"id":51532,"href":"https:\/\/www.municipiosyucatan.com\/wp\/wp-json\/wp\/v2\/posts\/51529\/revisions\/51532"}],"wp:featuredmedia":[{"embeddable":true,"href":"https:\/\/www.municipiosyucatan.com\/wp\/wp-json\/wp\/v2\/media\/51530"}],"wp:attachment":[{"href":"https:\/\/www.municipiosyucatan.com\/wp\/wp-json\/wp\/v2\/media?parent=51529"}],"wp:term":[{"taxonomy":"category","embeddable":true,"href":"https:\/\/www.municipiosyucatan.com\/wp\/wp-json\/wp\/v2\/categories?post=51529"},{"taxonomy":"post_tag","embeddable":true,"href":"https:\/\/www.municipiosyucatan.com\/wp\/wp-json\/wp\/v2\/tags?post=51529"}],"curies":[{"name":"wp","href":"https:\/\/api.w.org\/{rel}","templated":true}]}}