{"id":51794,"date":"2023-04-09T08:10:13","date_gmt":"2023-04-09T14:10:13","guid":{"rendered":"https:\/\/www.municipiosyucatan.com\/wp\/?p=51794"},"modified":"2023-04-09T08:10:13","modified_gmt":"2023-04-09T14:10:13","slug":"camioneta-se-achicharra-en-la-carretera","status":"publish","type":"post","link":"https:\/\/www.municipiosyucatan.com\/wp\/camioneta-se-achicharra-en-la-carretera.html","title":{"rendered":"Camioneta se achicharra en la carretera"},"content":{"rendered":"<p style=\"text-align: justify;\">Valladolid, Yucat\u00e1n, 9 de abril de 2023 (<span class=\"error misspelling\" title=\"Se ha encontrado un posible error ortogr\u00e1fico.\" data-type=\"misspelling\" data-suggestions=\"[{&quot;value&quot;:&quot;ACO&quot;},{&quot;value&quot;:&quot;ACOMA&quot;},{&quot;value&quot;:&quot;ACOS&quot;},{&quot;value&quot;:&quot;ACO M&quot;},{&quot;value&quot;:&quot;WACOM&quot;}]\" data-rule=\"MORFOLOGIK_RULE_ES\" data-word=\"ACOM\">ACOM<\/span>).-Una camioneta qued\u00f3 achicharrada luego de quemarse el pasado jueves.<\/p>\n<p><img loading=\"lazy\" decoding=\"async\" class=\"alignnone size-full wp-image-51795\" src=\"https:\/\/www.municipiosyucatan.com\/wp\/wp-content\/uploads\/2023\/04\/5d6ee89c-da4f-497d-a01f-6f8f4d840570.jpeg\" alt=\"\" width=\"756\" height=\"777\" srcset=\"https:\/\/www.municipiosyucatan.com\/wp\/wp-content\/uploads\/2023\/04\/5d6ee89c-da4f-497d-a01f-6f8f4d840570.jpeg 756w, https:\/\/www.municipiosyucatan.com\/wp\/wp-content\/uploads\/2023\/04\/5d6ee89c-da4f-497d-a01f-6f8f4d840570-696x715.jpeg 696w\" sizes=\"auto, (max-width: 756px) 100vw, 756px\" \/><\/p>\n<p style=\"text-align: justify;\">El hecho se registr\u00f3 en la carretera federal de cuota M\u00e9rida-Canc\u00fan a la altura del kil\u00f3metro 189. Francisco M.P.G., de 26 a\u00f1os de <span class=\"grammar correction\" title=\"Probablemente falta una coma.\" data-type=\"grammar\" data-suggestions=\"[{&quot;value&quot;:&quot;edad,&quot;}]\" data-rule=\"AI_ES_HYDRA_LEO_MISSING_COMMA\" data-word=\"edad\">edad,<\/span> circulaba abordo de su camioneta Dakota de color rojo, de repente sinti\u00f3 olor a quemado y vio que de su compacto comenz\u00f3 a salir mucho humo.<\/p>\n<p><img loading=\"lazy\" decoding=\"async\" class=\"alignnone size-full wp-image-51796\" src=\"https:\/\/www.municipiosyucatan.com\/wp\/wp-content\/uploads\/2023\/04\/59fbb756-9900-4c74-9084-2f39f72fb924.jpg\" alt=\"\" width=\"756\" height=\"567\" srcset=\"https:\/\/www.municipiosyucatan.com\/wp\/wp-content\/uploads\/2023\/04\/59fbb756-9900-4c74-9084-2f39f72fb924.jpg 756w, https:\/\/www.municipiosyucatan.com\/wp\/wp-content\/uploads\/2023\/04\/59fbb756-9900-4c74-9084-2f39f72fb924-696x522.jpg 696w, https:\/\/www.municipiosyucatan.com\/wp\/wp-content\/uploads\/2023\/04\/59fbb756-9900-4c74-9084-2f39f72fb924-80x60.jpg 80w, https:\/\/www.municipiosyucatan.com\/wp\/wp-content\/uploads\/2023\/04\/59fbb756-9900-4c74-9084-2f39f72fb924-265x198.jpg 265w\" sizes=\"auto, (max-width: 756px) 100vw, 756px\" \/><\/p>\n<p style=\"text-align: justify;\">Por tal motivo detiene la marcha y desciende de su <span class=\"grammar correction\" title=\"Probablemente falta una coma.\" data-type=\"grammar\" data-suggestions=\"[{&quot;value&quot;:&quot;camioneta,&quot;}]\" data-rule=\"AI_ES_HYDRA_LEO_MISSING_COMMA\" data-word=\"camioneta\">camioneta,<\/span> el cual en cuesti\u00f3n de segundos comenz\u00f3 a incendiarse. Al lugar arribaron Bomberos de la SSP quienes realizaron las maniobras para sofocar el fuego, <span class=\"grammar correction\" title=\"Si es adjetivo o nombre, se escribe con tilde.\" data-type=\"grammar\" data-suggestions=\"[{&quot;value&quot;:&quot;el veh\u00edculo&quot;}]\" data-rule=\"DIACRITICS_VERB_N_ADJ\" data-word=\"el vehiculo\">el veh\u00edculo<\/span> fue perdida total.<\/p>\n","protected":false},"excerpt":{"rendered":"<p>El hecho se registr\u00f3 en la carretera federal de cuota M\u00e9rida-Canc\u00fan a la altura del kil\u00f3metro 189.<\/p>\n","protected":false},"author":1,"featured_media":51796,"comment_status":"closed","ping_status":"closed","sticky":false,"template":"","format":"standard","meta":{"footnotes":""},"categories":[103,7705],"tags":[9874,12416,3246],"class_list":["post-51794","post","type-post","status-publish","format-standard","has-post-thumbnail","category-valladolid","category-yucatan-oriente","tag-camioneta-se-quema","tag-fuego-consume-camioneta","tag-valladolid-2"],"_links":{"self":[{"href":"https:\/\/www.municipiosyucatan.com\/wp\/wp-json\/wp\/v2\/posts\/51794","targetHints":{"allow":["GET"]}}],"collection":[{"href":"https:\/\/www.municipiosyucatan.com\/wp\/wp-json\/wp\/v2\/posts"}],"about":[{"href":"https:\/\/www.municipiosyucatan.com\/wp\/wp-json\/wp\/v2\/types\/post"}],"author":[{"embeddable":true,"href":"https:\/\/www.municipiosyucatan.com\/wp\/wp-json\/wp\/v2\/users\/1"}],"replies":[{"embeddable":true,"href":"https:\/\/www.municipiosyucatan.com\/wp\/wp-json\/wp\/v2\/comments?post=51794"}],"version-history":[{"count":1,"href":"https:\/\/www.municipiosyucatan.com\/wp\/wp-json\/wp\/v2\/posts\/51794\/revisions"}],"predecessor-version":[{"id":51797,"href":"https:\/\/www.municipiosyucatan.com\/wp\/wp-json\/wp\/v2\/posts\/51794\/revisions\/51797"}],"wp:featuredmedia":[{"embeddable":true,"href":"https:\/\/www.municipiosyucatan.com\/wp\/wp-json\/wp\/v2\/media\/51796"}],"wp:attachment":[{"href":"https:\/\/www.municipiosyucatan.com\/wp\/wp-json\/wp\/v2\/media?parent=51794"}],"wp:term":[{"taxonomy":"category","embeddable":true,"href":"https:\/\/www.municipiosyucatan.com\/wp\/wp-json\/wp\/v2\/categories?post=51794"},{"taxonomy":"post_tag","embeddable":true,"href":"https:\/\/www.municipiosyucatan.com\/wp\/wp-json\/wp\/v2\/tags?post=51794"}],"curies":[{"name":"wp","href":"https:\/\/api.w.org\/{rel}","templated":true}]}}