{"id":52017,"date":"2023-04-29T22:19:32","date_gmt":"2023-04-30T04:19:32","guid":{"rendered":"https:\/\/www.municipiosyucatan.com\/wp\/?p=52017"},"modified":"2023-04-29T22:19:32","modified_gmt":"2023-04-30T04:19:32","slug":"xocchel-de-fiesta-con-su-magna-vaqueria","status":"publish","type":"post","link":"https:\/\/www.municipiosyucatan.com\/wp\/xocchel-de-fiesta-con-su-magna-vaqueria.html","title":{"rendered":"Xocchel de fiesta con su magna vaquer\u00eda"},"content":{"rendered":"<p style=\"text-align: justify;\"><span class=\"error misspelling\" title=\"Se ha encontrado un posible error ortogr\u00e1fico.\" data-type=\"misspelling\" data-suggestions=\"[{&quot;value&quot;:&quot;X\u00f3chil&quot;}]\" data-rule=\"MORFOLOGIK_RULE_ES\" data-word=\"Xocchel\">Xocchel<\/span>, Yucat\u00e1n, 29 de abril de 2023 (<span class=\"error misspelling\" title=\"Se ha encontrado un posible error ortogr\u00e1fico.\" data-type=\"misspelling\" data-suggestions=\"[{&quot;value&quot;:&quot;ACO&quot;},{&quot;value&quot;:&quot;ACOMA&quot;},{&quot;value&quot;:&quot;ACOS&quot;},{&quot;value&quot;:&quot;ACO M&quot;},{&quot;value&quot;:&quot;WACOM&quot;}]\" data-rule=\"MORFOLOGIK_RULE_ES\" data-word=\"ACOM\">ACOM<\/span>).-En el marco del inicio de la fiesta tradicional en honor al Santo Cristo del <span class=\"error grammar\" title=\"Probablemente falta una coma.\" data-type=\"grammar\" data-suggestions=\"[{&quot;value&quot;:&quot;Amor,&quot;}]\" data-rule=\"AI_ES_HYDRA_LEO_MISSING_COMMA\" data-word=\"Amor\">Amor<\/span> se llev\u00f3 a cabo la regia vaquer\u00eda que marca el inicio oficial de dichas festividades.<\/p>\n<p><img loading=\"lazy\" decoding=\"async\" class=\"alignnone size-full wp-image-52018\" src=\"https:\/\/www.municipiosyucatan.com\/wp\/wp-content\/uploads\/2023\/04\/IMG-20230429-WA0026.jpg\" alt=\"\" width=\"756\" height=\"504\" srcset=\"https:\/\/www.municipiosyucatan.com\/wp\/wp-content\/uploads\/2023\/04\/IMG-20230429-WA0026.jpg 756w, https:\/\/www.municipiosyucatan.com\/wp\/wp-content\/uploads\/2023\/04\/IMG-20230429-WA0026-696x464.jpg 696w\" sizes=\"auto, (max-width: 756px) 100vw, 756px\" \/><\/p>\n<p style=\"text-align: justify;\">Antes de la vaquer\u00eda tuvo lugar una misa de acci\u00f3n de gracias con un lleno total en el interior de <span class=\"error grammar\" title=\"Esta frase no empieza con may\u00fascula.\" data-type=\"grammar\" data-suggestions=\"[{&quot;value&quot;:&quot;La&quot;}]\" data-rule=\"UPPERCASE_SENTENCE_START\" data-word=\"la\">la<\/span> iglesia cat\u00f3lica de San Juan Bautista.<\/p>\n<p style=\"text-align: justify;\">El sacerdote Roger <span class=\"error misspelling\" title=\"Se ha encontrado un posible error ortogr\u00e1fico.\" data-type=\"misspelling\" data-suggestions=\"[{&quot;value&quot;:&quot;Mural&quot;},{&quot;value&quot;:&quot;Mutua&quot;},{&quot;value&quot;:&quot;Mutuo&quot;},{&quot;value&quot;:&quot;Curul&quot;},{&quot;value&quot;:&quot;M\u00fajol&quot;},{&quot;value&quot;:&quot;Mosul&quot;},{&quot;value&quot;:&quot;Cusul&quot;}]\" data-rule=\"MORFOLOGIK_RULE_ES\" data-word=\"Mukul\">Mukul<\/span> <span class=\"error misspelling\" title=\"Se ha encontrado un posible error ortogr\u00e1fico.\" data-type=\"misspelling\" data-suggestions=\"[{&quot;value&quot;:&quot;En&quot;},{&quot;value&quot;:&quot;Con&quot;},{&quot;value&quot;:&quot;Ven&quot;},{&quot;value&quot;:&quot;Cien&quot;},{&quot;value&quot;:&quot;Gen&quot;},{&quot;value&quot;:&quot;Caen&quot;},{&quot;value&quot;:&quot;Cena&quot;}]\" data-rule=\"MORFOLOGIK_RULE_ES\" data-word=\"Cen\">Cen<\/span>, en su homil\u00eda, dijo que <span class=\"grammar correction\" title=\"\u00abest\u00e1\u00bb (dolor sit amet) parece menos probable que \u00abesta\u00bb (lorem ipsum).\" data-type=\"grammar\" data-suggestions=\"[{&quot;value&quot;:&quot;esta&quot;}]\" data-rule=\"AI_ES_HYDRA_LEO_CP_EST__ESTA\" data-word=\"est\u00e1\">esta<\/span> celebraci\u00f3n en pascua, nos indica que verdaderamente Cristo ha resucitado, ahora vamos a seguir con las ense\u00f1anzas de Jes\u00fas a trav\u00e9s del esp\u00edritu santo para que estas fiestas patronales se realice con fe y devoci\u00f3n, sin excesos.<\/p>\n<p><img loading=\"lazy\" decoding=\"async\" class=\"alignnone size-full wp-image-52019\" src=\"https:\/\/www.municipiosyucatan.com\/wp\/wp-content\/uploads\/2023\/04\/IMG-20230429-WA0035.jpg\" alt=\"\" width=\"756\" height=\"800\" srcset=\"https:\/\/www.municipiosyucatan.com\/wp\/wp-content\/uploads\/2023\/04\/IMG-20230429-WA0035.jpg 756w, https:\/\/www.municipiosyucatan.com\/wp\/wp-content\/uploads\/2023\/04\/IMG-20230429-WA0035-696x737.jpg 696w\" sizes=\"auto, (max-width: 756px) 100vw, 756px\" \/><\/p>\n<p style=\"text-align: justify;\">Por primera vez despu\u00e9s de muchos a\u00f1os, la imagen sagrada fue en el recinto ferial explanada del palacio municipal.<\/p>\n<p style=\"text-align: justify;\">Antes de la media noche se procedi\u00f3 a dar entrada triunfal a la <span class=\"misspelling correction\" title=\"Se ha encontrado un posible error ortogr\u00e1fico.\" data-type=\"misspelling\" data-suggestions=\"[{&quot;value&quot;:&quot;Reina&quot;},{&quot;value&quot;:&quot;Rein\u00e1&quot;},{&quot;value&quot;:&quot;Reino&quot;},{&quot;value&quot;:&quot;Ruina&quot;},{&quot;value&quot;:&quot;Reinas&quot;},{&quot;value&quot;:&quot;Rein\u00f3&quot;},{&quot;value&quot;:&quot;Resina&quot;}]\" data-rule=\"MORFOLOGIK_RULE_ES\" data-word=\"Reyna\">Reina<\/span> de la Feria <span class=\"error misspelling\" title=\"Se ha encontrado un posible error ortogr\u00e1fico.\" data-type=\"misspelling\" data-suggestions=\"[{&quot;value&quot;:&quot;Lidie&quot;},{&quot;value&quot;:&quot;Lidien&quot;},{&quot;value&quot;:&quot;Lidies&quot;},{&quot;value&quot;:&quot;Lidi\u00e9&quot;},{&quot;value&quot;:&quot;L\u00eddiete&quot;}]\" data-rule=\"MORFOLOGIK_RULE_ES\" data-word=\"Lidiet\">Lidiet<\/span> Arjona <span class=\"error misspelling\" title=\"Se ha encontrado un posible error ortogr\u00e1fico.\" data-type=\"misspelling\" data-suggestions=\"[{&quot;value&quot;:&quot;Cauce&quot;},{&quot;value&quot;:&quot;Caucho&quot;},{&quot;value&quot;:&quot;Canica&quot;},{&quot;value&quot;:&quot;Caniche&quot;},{&quot;value&quot;:&quot;Caico&quot;},{&quot;value&quot;:&quot;Caucha&quot;},{&quot;value&quot;:&quot;Cajic\u00e1&quot;}]\" data-rule=\"MORFOLOGIK_RULE_ES\" data-word=\"Cauich\">Cauich<\/span>; embajadora infantil <span class=\"error misspelling\" title=\"Se ha encontrado un posible error ortogr\u00e1fico.\" data-type=\"misspelling\" data-suggestions=\"[{&quot;value&quot;:&quot;Est\u00e9fano&quot;}]\" data-rule=\"MORFOLOGIK_RULE_ES\" data-word=\"Stefany\">Stefany<\/span> Arjona Vald\u00e9s, embajadora de la fiesta Reina <span class=\"error misspelling\" title=\"Se ha encontrado un posible error ortogr\u00e1fico.\" data-type=\"misspelling\" data-suggestions=\"[{&quot;value&quot;:&quot;Pus&quot;},{&quot;value&quot;:&quot;P\u00faa&quot;},{&quot;value&quot;:&quot;PAC&quot;},{&quot;value&quot;:&quot;PC&quot;},{&quot;value&quot;:&quot;PVC&quot;},{&quot;value&quot;:&quot;Puc\u00fa&quot;},{&quot;value&quot;:&quot;RUC&quot;}]\" data-rule=\"MORFOLOGIK_RULE_ES\" data-word=\"Puc\">Puc<\/span> <span class=\"error misspelling\" title=\"Se ha encontrado un posible error ortogr\u00e1fico.\" data-type=\"misspelling\" data-suggestions=\"[{&quot;value&quot;:&quot;Como&quot;},{&quot;value&quot;:&quot;Color&quot;},{&quot;value&quot;:&quot;C\u00f3mo&quot;},{&quot;value&quot;:&quot;Coro&quot;},{&quot;value&quot;:&quot;Col\u00f3n&quot;},{&quot;value&quot;:&quot;Cono&quot;},{&quot;value&quot;:&quot;Coros&quot;}]\" data-rule=\"MORFOLOGIK_RULE_ES\" data-word=\"Couoh\">Couoh<\/span>; el ballet Folcl\u00f3rico, autoridades municipales, fueron recibidos con las dianas, entonado por las Orquesta jaranera de San Francisco de As\u00eds.<\/p>\n<p><img loading=\"lazy\" decoding=\"async\" class=\"alignnone size-full wp-image-52020\" src=\"https:\/\/www.municipiosyucatan.com\/wp\/wp-content\/uploads\/2023\/04\/IMG-20230429-WA0036.jpg\" alt=\"\" width=\"756\" height=\"504\" srcset=\"https:\/\/www.municipiosyucatan.com\/wp\/wp-content\/uploads\/2023\/04\/IMG-20230429-WA0036.jpg 756w, https:\/\/www.municipiosyucatan.com\/wp\/wp-content\/uploads\/2023\/04\/IMG-20230429-WA0036-696x464.jpg 696w\" sizes=\"auto, (max-width: 756px) 100vw, 756px\" \/><\/p>\n","protected":false},"excerpt":{"rendered":"<p>Antes de la vaquer\u00eda tuvo lugar una misa de acci\u00f3n de gracias con un lleno total en el interior de la iglesia cat\u00f3lica de San Juan Bautista.<\/p>\n","protected":false},"author":1,"featured_media":52020,"comment_status":"closed","ping_status":"closed","sticky":false,"template":"","format":"standard","meta":{"footnotes":""},"categories":[104,7704],"tags":[302,3166],"class_list":["post-52017","post","type-post","status-publish","format-standard","has-post-thumbnail","category-xocchel","category-yucatan-sur","tag-vaqueria","tag-xocchel-2"],"_links":{"self":[{"href":"https:\/\/www.municipiosyucatan.com\/wp\/wp-json\/wp\/v2\/posts\/52017","targetHints":{"allow":["GET"]}}],"collection":[{"href":"https:\/\/www.municipiosyucatan.com\/wp\/wp-json\/wp\/v2\/posts"}],"about":[{"href":"https:\/\/www.municipiosyucatan.com\/wp\/wp-json\/wp\/v2\/types\/post"}],"author":[{"embeddable":true,"href":"https:\/\/www.municipiosyucatan.com\/wp\/wp-json\/wp\/v2\/users\/1"}],"replies":[{"embeddable":true,"href":"https:\/\/www.municipiosyucatan.com\/wp\/wp-json\/wp\/v2\/comments?post=52017"}],"version-history":[{"count":1,"href":"https:\/\/www.municipiosyucatan.com\/wp\/wp-json\/wp\/v2\/posts\/52017\/revisions"}],"predecessor-version":[{"id":52021,"href":"https:\/\/www.municipiosyucatan.com\/wp\/wp-json\/wp\/v2\/posts\/52017\/revisions\/52021"}],"wp:featuredmedia":[{"embeddable":true,"href":"https:\/\/www.municipiosyucatan.com\/wp\/wp-json\/wp\/v2\/media\/52020"}],"wp:attachment":[{"href":"https:\/\/www.municipiosyucatan.com\/wp\/wp-json\/wp\/v2\/media?parent=52017"}],"wp:term":[{"taxonomy":"category","embeddable":true,"href":"https:\/\/www.municipiosyucatan.com\/wp\/wp-json\/wp\/v2\/categories?post=52017"},{"taxonomy":"post_tag","embeddable":true,"href":"https:\/\/www.municipiosyucatan.com\/wp\/wp-json\/wp\/v2\/tags?post=52017"}],"curies":[{"name":"wp","href":"https:\/\/api.w.org\/{rel}","templated":true}]}}