{"id":52344,"date":"2023-07-03T19:01:27","date_gmt":"2023-07-04T01:01:27","guid":{"rendered":"https:\/\/www.municipiosyucatan.com\/wp\/?p=52344"},"modified":"2023-07-03T19:01:27","modified_gmt":"2023-07-04T01:01:27","slug":"bajan-a-la-imagen-de-la-guadalupana-en-acanceh","status":"publish","type":"post","link":"https:\/\/www.municipiosyucatan.com\/wp\/bajan-a-la-imagen-de-la-guadalupana-en-acanceh.html","title":{"rendered":"Bajan a la imagen de la Guadalupana en Acanceh"},"content":{"rendered":"<p style=\"text-align: justify;\"><span class=\"error misspelling\" title=\"Se ha encontrado un posible error ortogr\u00e1fico.\" data-type=\"misspelling\" data-suggestions=\"[{&quot;value&quot;:&quot;Acanche&quot;}]\" data-rule=\"MORFOLOGIK_RULE_ES\" data-word=\"Acanceh\">Acanceh<\/span>, Yucat\u00e1n, 3 de julio de 2023 (<span class=\"error misspelling\" title=\"Se ha encontrado un posible error ortogr\u00e1fico.\" data-type=\"misspelling\" data-suggestions=\"[{&quot;value&quot;:&quot;ACO&quot;},{&quot;value&quot;:&quot;ACOMA&quot;},{&quot;value&quot;:&quot;ACOS&quot;},{&quot;value&quot;:&quot;ACO M&quot;},{&quot;value&quot;:&quot;WACOM&quot;}]\" data-rule=\"MORFOLOGIK_RULE_ES\" data-word=\"ACOM\">ACOM<\/span>).<span class=\"error grammar\" title=\"En una tipograf\u00eda cuidada, utilice el car\u00e1cter adecuado de guion largo (raya).\" data-type=\"grammar\" data-suggestions=\"[{&quot;value&quot;:&quot;\u2014&quot;}]\" data-rule=\"GUION_LARGO\" data-word=\"-\">&#8211;<\/span> Con devoci\u00f3n, pobladores de <span class=\"error misspelling\" title=\"Se ha encontrado un posible error ortogr\u00e1fico.\" data-type=\"misspelling\" data-suggestions=\"[{&quot;value&quot;:&quot;Acanche&quot;}]\" data-rule=\"MORFOLOGIK_RULE_ES\" data-word=\"Acanceh\">Acanceh<\/span> bajaron la imagen de la <span class=\"error misspelling\" title=\"Se ha encontrado un posible error ortogr\u00e1fico.\" data-type=\"misspelling\" data-suggestions=\"[{&quot;value&quot;:&quot;Guadalupe\u00f1a&quot;}]\" data-rule=\"MORFOLOGIK_RULE_ES\" data-word=\"Guadalupana\">Guadalupana<\/span> de la capilla que se encuentra en el centro de la poblaci\u00f3n, para dirigirse a la cancha parroquial en d\u00f3nde se realiz\u00f3 el rosario y la celebraci\u00f3n eucar\u00edstica.<\/p>\n<p><img loading=\"lazy\" decoding=\"async\" class=\"alignnone size-full wp-image-52345\" src=\"https:\/\/www.municipiosyucatan.com\/wp\/wp-content\/uploads\/2023\/07\/InShot_20230703_121644219.jpg\" alt=\"\" width=\"756\" height=\"425\" srcset=\"https:\/\/www.municipiosyucatan.com\/wp\/wp-content\/uploads\/2023\/07\/InShot_20230703_121644219.jpg 756w, https:\/\/www.municipiosyucatan.com\/wp\/wp-content\/uploads\/2023\/07\/InShot_20230703_121644219-696x391.jpg 696w\" sizes=\"auto, (max-width: 756px) 100vw, 756px\" \/><\/p>\n<p style=\"text-align: justify;\">El rosario fue <span class=\"error grammar\" title=\"Esta palabra ya ha aparecido en una de las frases inmediatamente anteriores. Puede usar un sin\u00f3nimo para hacer m\u00e1s interesante el texto, excepto si la repetici\u00f3n es intencionada.\" data-type=\"grammar\" data-suggestions=\"[{&quot;value&quot;:&quot;actuado&quot;},{&quot;value&quot;:&quot;ejecutado&quot;},{&quot;value&quot;:&quot;procedido&quot;},{&quot;value&quot;:&quot;hecho&quot;},{&quot;value&quot;:&quot;efectuado&quot;},{&quot;value&quot;:&quot;llevado a cabo&quot;},{&quot;value&quot;:&quot;efectuado&quot;}]\" data-rule=\"ES_REPEATEDWORDS_REALIZAR\" data-word=\"realizado\">realizado<\/span> cerca de las seis treinta de la tarde a cargo de las legionarias de la parroquia y posteriormente se llev\u00f3 a cabo la misa presidida por el p\u00e1rroco Am\u00edlcar Rivero <span class=\"error grammar\" title=\"Probablemente falta una coma.\" data-type=\"grammar\" data-suggestions=\"[{&quot;value&quot;:&quot;Castillo,&quot;}]\" data-rule=\"AI_ES_HYDRA_LEO_MISSING_COMMA\" data-word=\"Castillo\">Castillo<\/span> acompa\u00f1ado por el di\u00e1cono permanente Miguel <span class=\"error misspelling\" title=\"Se ha encontrado un posible error ortogr\u00e1fico.\" data-type=\"misspelling\" data-suggestions=\"[{&quot;value&quot;:&quot;Un&quot;},{&quot;value&quot;:&quot;A\u00fan&quot;},{&quot;value&quot;:&quot;Tan&quot;},{&quot;value&quot;:&quot;Aun&quot;},{&quot;value&quot;:&quot;Tu&quot;},{&quot;value&quot;:&quot;Tus&quot;},{&quot;value&quot;:&quot;T\u00fa&quot;}]\" data-rule=\"MORFOLOGIK_RULE_ES\" data-word=\"T\u00fan\">T\u00fan<\/span>.<\/p>\n<p><img loading=\"lazy\" decoding=\"async\" class=\"alignnone size-full wp-image-52346\" src=\"https:\/\/www.municipiosyucatan.com\/wp\/wp-content\/uploads\/2023\/07\/InShot_20230703_121733012.jpg\" alt=\"\" width=\"756\" height=\"425\" srcset=\"https:\/\/www.municipiosyucatan.com\/wp\/wp-content\/uploads\/2023\/07\/InShot_20230703_121733012.jpg 756w, https:\/\/www.municipiosyucatan.com\/wp\/wp-content\/uploads\/2023\/07\/InShot_20230703_121733012-696x391.jpg 696w\" sizes=\"auto, (max-width: 756px) 100vw, 756px\" \/><\/p>\n<p style=\"text-align: justify;\">Al final, la imagen fue trasladada nuevamente a los aposentos del templo cat\u00f3lico en d\u00f3nde permanecer\u00e1 hasta el 12 de julio, fecha relevante a celebrar el d\u00eda del yucateco <span class=\"error misspelling\" title=\"Se ha encontrado un posible error ortogr\u00e1fico.\" data-type=\"misspelling\" data-suggestions=\"[{&quot;value&quot;:&quot;guadalupe\u00f1o&quot;}]\" data-rule=\"MORFOLOGIK_RULE_ES\" data-word=\"guadalupano\">guadalupano<\/span>.<\/p>\n<p><img loading=\"lazy\" decoding=\"async\" class=\"alignnone size-full wp-image-52347\" src=\"https:\/\/www.municipiosyucatan.com\/wp\/wp-content\/uploads\/2023\/07\/InShot_20230703_121824578.jpg\" alt=\"\" width=\"756\" height=\"425\" srcset=\"https:\/\/www.municipiosyucatan.com\/wp\/wp-content\/uploads\/2023\/07\/InShot_20230703_121824578.jpg 756w, https:\/\/www.municipiosyucatan.com\/wp\/wp-content\/uploads\/2023\/07\/InShot_20230703_121824578-696x391.jpg 696w\" sizes=\"auto, (max-width: 756px) 100vw, 756px\" \/><\/p>\n","protected":false},"excerpt":{"rendered":"<p>La imagen fue colocada en la cancha parroquial en d\u00f3nde se realiz\u00f3 el rosario y la celebraci\u00f3n eucar\u00edstica.<\/p>\n","protected":false},"author":1,"featured_media":52347,"comment_status":"closed","ping_status":"closed","sticky":false,"template":"","format":"standard","meta":{"footnotes":""},"categories":[4,7707],"tags":[7099,9282,8077,11259],"class_list":["post-52344","post","type-post","status-publish","format-standard","has-post-thumbnail","category-acanceh","category-yucatan-centro","tag-acanceh","tag-feligreses","tag-misa","tag-santos"],"_links":{"self":[{"href":"https:\/\/www.municipiosyucatan.com\/wp\/wp-json\/wp\/v2\/posts\/52344","targetHints":{"allow":["GET"]}}],"collection":[{"href":"https:\/\/www.municipiosyucatan.com\/wp\/wp-json\/wp\/v2\/posts"}],"about":[{"href":"https:\/\/www.municipiosyucatan.com\/wp\/wp-json\/wp\/v2\/types\/post"}],"author":[{"embeddable":true,"href":"https:\/\/www.municipiosyucatan.com\/wp\/wp-json\/wp\/v2\/users\/1"}],"replies":[{"embeddable":true,"href":"https:\/\/www.municipiosyucatan.com\/wp\/wp-json\/wp\/v2\/comments?post=52344"}],"version-history":[{"count":1,"href":"https:\/\/www.municipiosyucatan.com\/wp\/wp-json\/wp\/v2\/posts\/52344\/revisions"}],"predecessor-version":[{"id":52348,"href":"https:\/\/www.municipiosyucatan.com\/wp\/wp-json\/wp\/v2\/posts\/52344\/revisions\/52348"}],"wp:featuredmedia":[{"embeddable":true,"href":"https:\/\/www.municipiosyucatan.com\/wp\/wp-json\/wp\/v2\/media\/52347"}],"wp:attachment":[{"href":"https:\/\/www.municipiosyucatan.com\/wp\/wp-json\/wp\/v2\/media?parent=52344"}],"wp:term":[{"taxonomy":"category","embeddable":true,"href":"https:\/\/www.municipiosyucatan.com\/wp\/wp-json\/wp\/v2\/categories?post=52344"},{"taxonomy":"post_tag","embeddable":true,"href":"https:\/\/www.municipiosyucatan.com\/wp\/wp-json\/wp\/v2\/tags?post=52344"}],"curies":[{"name":"wp","href":"https:\/\/api.w.org\/{rel}","templated":true}]}}