{"id":52816,"date":"2024-09-18T14:08:16","date_gmt":"2024-09-18T20:08:16","guid":{"rendered":"https:\/\/www.municipiosyucatan.com\/wp\/?p=52816"},"modified":"2024-09-18T14:08:16","modified_gmt":"2024-09-18T20:08:16","slug":"congreso-designa-fecha-para-las-elecciones-extraordinarias-en-chichimila-e-izamal","status":"publish","type":"post","link":"https:\/\/www.municipiosyucatan.com\/wp\/congreso-designa-fecha-para-las-elecciones-extraordinarias-en-chichimila-e-izamal.html","title":{"rendered":"Congreso designa fecha para las elecciones extraordinarias en Chichimil\u00e1 e Izamal"},"content":{"rendered":"<p>En sesi\u00f3n de la comisi\u00f3n de Puntos Constitucionales y Gobernaci\u00f3n, se aprob\u00f3 por unanimidad el proyecto de iniciativa-dictamen que contiene la convocatoria para las elecciones extraordinarias de regidores propietarios y suplentes para la integraci\u00f3n de los ayuntamientos de Chichimil\u00e1 e Izamal.<\/p>\n<p>En entrevista, el diputado Wilmer Monforte Marfil explic\u00f3 que en la convocatoria aprobada en la comisi\u00f3n se establece que las elecciones extraordinarias se realizar\u00e1n el domingo 24 de noviembre y que el Congreso estar\u00e1 vigilante de todo lo relativo al proceso se d\u00e9 en tiempo y forma de acuerdo con la Ley para que se elija a las autoridades de ambos municipios.<\/p>\n<p><img loading=\"lazy\" decoding=\"async\" class=\"alignnone size-full wp-image-52817\" src=\"https:\/\/www.municipiosyucatan.com\/wp\/wp-content\/uploads\/2024\/09\/WhatsApp-Image-2024-09-17-at-11.22.30-AM.jpeg\" alt=\"\" width=\"1600\" height=\"1066\" srcset=\"https:\/\/www.municipiosyucatan.com\/wp\/wp-content\/uploads\/2024\/09\/WhatsApp-Image-2024-09-17-at-11.22.30-AM.jpeg 1600w, https:\/\/www.municipiosyucatan.com\/wp\/wp-content\/uploads\/2024\/09\/WhatsApp-Image-2024-09-17-at-11.22.30-AM-768x512.jpeg 768w, https:\/\/www.municipiosyucatan.com\/wp\/wp-content\/uploads\/2024\/09\/WhatsApp-Image-2024-09-17-at-11.22.30-AM-1536x1023.jpeg 1536w, https:\/\/www.municipiosyucatan.com\/wp\/wp-content\/uploads\/2024\/09\/WhatsApp-Image-2024-09-17-at-11.22.30-AM-696x464.jpeg 696w\" sizes=\"auto, (max-width: 1600px) 100vw, 1600px\" \/><\/p>\n<p>Durante la lectura de la convocatoria aprobada en la comisi\u00f3n, se informa que las y los regidores que resulten electos iniciar\u00e1n sus funciones el 1 de enero de 2025 y durar\u00e1n en el cargo hasta el 31 de agosto de 2027.<\/p>\n<p>Tambi\u00e9n se expone que el Instituto Electoral y de Participaci\u00f3n Ciudadana de Yucat\u00e1n deber\u00e1 ajustar los plazos y t\u00e9rminos de las distintas etapas del proceso electoral a las condiciones \u00f3ptimas posibles para la realizaci\u00f3n de las elecciones.<\/p>\n<p><img loading=\"lazy\" decoding=\"async\" class=\"alignnone size-full wp-image-52818\" src=\"https:\/\/www.municipiosyucatan.com\/wp\/wp-content\/uploads\/2024\/09\/WhatsApp-Image-2024-09-17-at-11.22.30-AM-1.jpeg\" alt=\"\" width=\"1600\" height=\"1066\" srcset=\"https:\/\/www.municipiosyucatan.com\/wp\/wp-content\/uploads\/2024\/09\/WhatsApp-Image-2024-09-17-at-11.22.30-AM-1.jpeg 1600w, https:\/\/www.municipiosyucatan.com\/wp\/wp-content\/uploads\/2024\/09\/WhatsApp-Image-2024-09-17-at-11.22.30-AM-1-768x512.jpeg 768w, https:\/\/www.municipiosyucatan.com\/wp\/wp-content\/uploads\/2024\/09\/WhatsApp-Image-2024-09-17-at-11.22.30-AM-1-1536x1023.jpeg 1536w, https:\/\/www.municipiosyucatan.com\/wp\/wp-content\/uploads\/2024\/09\/WhatsApp-Image-2024-09-17-at-11.22.30-AM-1-696x464.jpeg 696w\" sizes=\"auto, (max-width: 1600px) 100vw, 1600px\" \/><\/p>\n<p>Al t\u00e9rmino de la lectura, el diputado Jos\u00e9 Juli\u00e1n Bustillos Medina propuso la integraci\u00f3n de una comisi\u00f3n especial del Congreso del Estado para dar el seguimiento correspondiente a los procesos extraordinarios en las elecciones de los municipios antes mencionados, mismos que ser\u00e1n valorados y aprobados en una sesi\u00f3n posterior.<\/p>\n","protected":false},"excerpt":{"rendered":"<p>En sesi\u00f3n de la comisi\u00f3n de Puntos Constitucionales y Gobernaci\u00f3n, se aprob\u00f3 por unanimidad el proyecto de iniciativa-dictamen que contiene la convocatoria para las elecciones extraordinarias de regidores propietarios y suplentes para la integraci\u00f3n de los ayuntamientos de Chichimil\u00e1 e Izamal. En entrevista, el diputado Wilmer Monforte Marfil explic\u00f3 que en la convocatoria aprobada en [&hellip;]<\/p>\n","protected":false},"author":1,"featured_media":52818,"comment_status":"closed","ping_status":"closed","sticky":false,"template":"","format":"standard","meta":{"footnotes":""},"categories":[51],"tags":[7782,9975,9920,12587,7118],"class_list":["post-52816","post","type-post","status-publish","format-standard","has-post-thumbnail","category-merida","tag-chichimila","tag-congreso","tag-diputados","tag-elecciones-extraordianrias","tag-izamal"],"_links":{"self":[{"href":"https:\/\/www.municipiosyucatan.com\/wp\/wp-json\/wp\/v2\/posts\/52816","targetHints":{"allow":["GET"]}}],"collection":[{"href":"https:\/\/www.municipiosyucatan.com\/wp\/wp-json\/wp\/v2\/posts"}],"about":[{"href":"https:\/\/www.municipiosyucatan.com\/wp\/wp-json\/wp\/v2\/types\/post"}],"author":[{"embeddable":true,"href":"https:\/\/www.municipiosyucatan.com\/wp\/wp-json\/wp\/v2\/users\/1"}],"replies":[{"embeddable":true,"href":"https:\/\/www.municipiosyucatan.com\/wp\/wp-json\/wp\/v2\/comments?post=52816"}],"version-history":[{"count":1,"href":"https:\/\/www.municipiosyucatan.com\/wp\/wp-json\/wp\/v2\/posts\/52816\/revisions"}],"predecessor-version":[{"id":52819,"href":"https:\/\/www.municipiosyucatan.com\/wp\/wp-json\/wp\/v2\/posts\/52816\/revisions\/52819"}],"wp:featuredmedia":[{"embeddable":true,"href":"https:\/\/www.municipiosyucatan.com\/wp\/wp-json\/wp\/v2\/media\/52818"}],"wp:attachment":[{"href":"https:\/\/www.municipiosyucatan.com\/wp\/wp-json\/wp\/v2\/media?parent=52816"}],"wp:term":[{"taxonomy":"category","embeddable":true,"href":"https:\/\/www.municipiosyucatan.com\/wp\/wp-json\/wp\/v2\/categories?post=52816"},{"taxonomy":"post_tag","embeddable":true,"href":"https:\/\/www.municipiosyucatan.com\/wp\/wp-json\/wp\/v2\/tags?post=52816"}],"curies":[{"name":"wp","href":"https:\/\/api.w.org\/{rel}","templated":true}]}}