{"id":54778,"date":"2026-07-03T18:37:38","date_gmt":"2026-07-04T00:37:38","guid":{"rendered":"https:\/\/www.municipiosyucatan.com\/wp\/?p=54778"},"modified":"2026-07-03T18:37:38","modified_gmt":"2026-07-04T00:37:38","slug":"registran-el-primer-fallecimiento-en-la-temporada-de-langosta-en-yucatan","status":"publish","type":"post","link":"https:\/\/www.municipiosyucatan.com\/wp\/registran-el-primer-fallecimiento-en-la-temporada-de-langosta-en-yucatan.html","title":{"rendered":"Registran el primer fallecimiento en la temporada de langosta en Yucat\u00e1n"},"content":{"rendered":"<p class=\"PDq2pG_selectionAnchorContainer\" style=\"text-align: justify;\" data-start=\"287\" data-end=\"456\"><strong data-start=\"287\" data-end=\"456\">Un pescador de 25 a\u00f1os perdi\u00f3 la vida frente a las costas de Dzilam de Bravo, convirti\u00e9ndose en el primer fallecimiento en la temporada de langosta 2026.<\/strong><\/p>\n<p style=\"text-align: justify;\" data-start=\"458\" data-end=\"860\">El <strong data-start=\"461\" data-end=\"513\">primer fallecimiento en la temporada de <a href=\"https:\/\/www.municipiosyucatan.com\/wp\/pescadores-reportan-gran-inicio-de-captura-de-langosta.html\">langosta<\/a><\/strong> se registr\u00f3 este viernes en el puerto de <strong data-start=\"555\" data-end=\"574\">Dzilam de Bravo<\/strong>, donde un joven pescador de <strong data-start=\"603\" data-end=\"614\">25 a\u00f1os<\/strong>, identificado como <strong data-start=\"634\" data-end=\"655\">\u00c9dgar Jaciel P.G.<\/strong>, perdi\u00f3 la vida mientras realizaba labores de captura frente a las costas del municipio. De acuerdo con los primeros reportes, la v\u00edctima habr\u00eda sufrido una <strong data-start=\"813\" data-end=\"837\">descompresi\u00f3n severa<\/strong> durante una inmersi\u00f3n.<\/p>\n<p data-start=\"458\" data-end=\"860\"><img loading=\"lazy\" decoding=\"async\" class=\"alignnone size-full wp-image-54779\" src=\"https:\/\/www.municipiosyucatan.com\/wp\/wp-content\/uploads\/2026\/07\/PEZ-2.jpg\" alt=\"Primer fallecimiento en la temporada de langosta frente a las costas de Dzilam de Bravo.\" width=\"905\" height=\"1444\" srcset=\"https:\/\/www.municipiosyucatan.com\/wp\/wp-content\/uploads\/2026\/07\/PEZ-2.jpg 905w, https:\/\/www.municipiosyucatan.com\/wp\/wp-content\/uploads\/2026\/07\/PEZ-2-564x900.jpg 564w, https:\/\/www.municipiosyucatan.com\/wp\/wp-content\/uploads\/2026\/07\/PEZ-2-768x1225.jpg 768w, https:\/\/www.municipiosyucatan.com\/wp\/wp-content\/uploads\/2026\/07\/PEZ-2-696x1111.jpg 696w\" sizes=\"auto, (max-width: 905px) 100vw, 905px\" \/><\/p>\n<h2 style=\"text-align: justify;\" data-section-id=\"19s1w1v\" data-start=\"862\" data-end=\"911\"><span role=\"text\"><strong data-start=\"865\" data-end=\"911\">Pescador sufri\u00f3 una presunta descompresi\u00f3n<\/strong><\/span><\/h2>\n<p style=\"text-align: justify;\" data-start=\"913\" data-end=\"1085\">Seg\u00fan la informaci\u00f3n disponible, el accidente ocurri\u00f3 mientras el pescador se encontraba trabajando en la captura de langosta a una profundidad aproximada de <strong data-start=\"1071\" data-end=\"1084\">16 brazas<\/strong>.<\/p>\n<p style=\"text-align: justify;\" data-start=\"1087\" data-end=\"1294\">Por causas que a\u00fan no han sido precisadas por las autoridades, el joven present\u00f3 una <strong data-start=\"1172\" data-end=\"1196\">descompresi\u00f3n severa<\/strong>, una condici\u00f3n m\u00e9dica que puede afectar a los buzos cuando ascienden desde grandes profundidades.<\/p>\n<p data-start=\"1087\" data-end=\"1294\"><img loading=\"lazy\" decoding=\"async\" class=\"alignnone size-full wp-image-54780\" src=\"https:\/\/www.municipiosyucatan.com\/wp\/wp-content\/uploads\/2026\/07\/PEZ1.jpg\" alt=\"Primer fallecimiento en la temporada de langosta frente a las costas de Dzilam de Bravo.\" width=\"596\" height=\"335\" \/><\/p>\n<h2 style=\"text-align: justify;\" data-section-id=\"4vszj7\" data-start=\"1296\" data-end=\"1355\"><span role=\"text\"><strong data-start=\"1299\" data-end=\"1355\">Autoridades realizaron los tr\u00e1mites correspondientes<\/strong><\/span><\/h2>\n<p style=\"text-align: justify;\" data-start=\"1357\" data-end=\"1534\">Tras el accidente, el cuerpo fue trasladado a tierra firme y qued\u00f3 bajo el resguardo de las autoridades competentes, quienes realizaron las diligencias legales correspondientes.<\/p>\n<h3 style=\"text-align: justify;\" data-section-id=\"r0hnq\" data-start=\"1536\" data-end=\"1575\"><span role=\"text\"><strong data-start=\"1540\" data-end=\"1575\">Primera v\u00edctima de la temporada<\/strong><\/span><\/h3>\n<p data-start=\"1577\" data-end=\"1757\">Este caso se convierte en el <strong data-start=\"1606\" data-end=\"1658\">primer fallecimiento en la temporada de langosta<\/strong> iniciada el <strong data-start=\"1671\" data-end=\"1685\">1 de julio<\/strong>, un periodo de gran actividad para los pescadores de la costa yucateca.<\/p>\n<p data-start=\"1759\" data-end=\"1867\">Las autoridades no han informado, hasta el momento, mayores detalles sobre las circunstancias del accidente.<\/p>\n","protected":false},"excerpt":{"rendered":"<p>Un pescador de 25 a\u00f1os falleci\u00f3 frente a Dzilam de Bravo tras sufrir una presunta descompresi\u00f3n durante la captura de langosta.<\/p>\n","protected":false},"author":17,"featured_media":54781,"comment_status":"closed","ping_status":"closed","sticky":false,"template":"","format":"standard","meta":{"footnotes":""},"categories":[7705],"tags":[8871,7112,12617,4934,12616,12618],"class_list":["post-54778","post","type-post","status-publish","format-standard","has-post-thumbnail","category-yucatan-oriente","tag-descompresion","tag-dzilam-de-bravo","tag-pesca-de-langosta","tag-pescador","tag-primer-fallecimiento-en-la-temporada-de-langosta","tag-temporada-de-captura-de-langosta"],"_links":{"self":[{"href":"https:\/\/www.municipiosyucatan.com\/wp\/wp-json\/wp\/v2\/posts\/54778","targetHints":{"allow":["GET"]}}],"collection":[{"href":"https:\/\/www.municipiosyucatan.com\/wp\/wp-json\/wp\/v2\/posts"}],"about":[{"href":"https:\/\/www.municipiosyucatan.com\/wp\/wp-json\/wp\/v2\/types\/post"}],"author":[{"embeddable":true,"href":"https:\/\/www.municipiosyucatan.com\/wp\/wp-json\/wp\/v2\/users\/17"}],"replies":[{"embeddable":true,"href":"https:\/\/www.municipiosyucatan.com\/wp\/wp-json\/wp\/v2\/comments?post=54778"}],"version-history":[{"count":1,"href":"https:\/\/www.municipiosyucatan.com\/wp\/wp-json\/wp\/v2\/posts\/54778\/revisions"}],"predecessor-version":[{"id":54782,"href":"https:\/\/www.municipiosyucatan.com\/wp\/wp-json\/wp\/v2\/posts\/54778\/revisions\/54782"}],"wp:featuredmedia":[{"embeddable":true,"href":"https:\/\/www.municipiosyucatan.com\/wp\/wp-json\/wp\/v2\/media\/54781"}],"wp:attachment":[{"href":"https:\/\/www.municipiosyucatan.com\/wp\/wp-json\/wp\/v2\/media?parent=54778"}],"wp:term":[{"taxonomy":"category","embeddable":true,"href":"https:\/\/www.municipiosyucatan.com\/wp\/wp-json\/wp\/v2\/categories?post=54778"},{"taxonomy":"post_tag","embeddable":true,"href":"https:\/\/www.municipiosyucatan.com\/wp\/wp-json\/wp\/v2\/tags?post=54778"}],"curies":[{"name":"wp","href":"https:\/\/api.w.org\/{rel}","templated":true}]}}