{"id":54807,"date":"2026-07-07T12:27:56","date_gmt":"2026-07-07T18:27:56","guid":{"rendered":"https:\/\/www.municipiosyucatan.com\/wp\/?p=54807"},"modified":"2026-07-07T12:27:56","modified_gmt":"2026-07-07T18:27:56","slug":"volcadura-en-la-carretera-buctzotz-tizimin-deja-seis-lesionados","status":"publish","type":"post","link":"https:\/\/www.municipiosyucatan.com\/wp\/volcadura-en-la-carretera-buctzotz-tizimin-deja-seis-lesionados.html","title":{"rendered":"Volcadura en la carretera Buctzotz-Tizim\u00edn deja seis lesionados"},"content":{"rendered":"<p class=\"PDq2pG_selectionAnchorContainer\" style=\"text-align: justify;\" data-start=\"286\" data-end=\"461\"><strong data-start=\"286\" data-end=\"461\">Una <a href=\"https:\/\/www.municipiosyucatan.com\/wp\/conductora-sobrevive-a-volcadura-en-la-carretera-tizimin-merida.html\">volcadura<\/a> en la carretera Buctzotz-Tizim\u00edn dej\u00f3 seis personas lesionadas, entre ellas dos menores de edad, cuando una familia regresaba de una sesi\u00f3n de fotos.<\/strong><\/p>\n<p style=\"text-align: justify;\" data-start=\"463\" data-end=\"779\">Una <strong data-start=\"467\" data-end=\"513\">volcadura en la carretera Buctzotz-Tizim\u00edn<\/strong> se registr\u00f3 la tarde del s\u00e1bado a la altura del <strong data-start=\"562\" data-end=\"578\">kil\u00f3metro 96<\/strong>, frente a la posta ganadera, luego de que una camioneta <strong data-start=\"635\" data-end=\"656\">Chevrolet Captiva<\/strong> perdiera el control y terminara entre la maleza. El accidente dej\u00f3 <strong data-start=\"724\" data-end=\"752\">seis personas lesionadas<\/strong>, una de ellas de gravedad.<\/p>\n<p data-start=\"463\" data-end=\"779\"><img loading=\"lazy\" decoding=\"async\" class=\"alignnone size-full wp-image-54808\" src=\"https:\/\/www.municipiosyucatan.com\/wp\/wp-content\/uploads\/2026\/07\/1-2.jpg\" alt=\"Volcadura en la carretera Buctzotz-Tizim\u00edn con seis personas lesionadas.\" width=\"1599\" height=\"1200\" srcset=\"https:\/\/www.municipiosyucatan.com\/wp\/wp-content\/uploads\/2026\/07\/1-2.jpg 1599w, https:\/\/www.municipiosyucatan.com\/wp\/wp-content\/uploads\/2026\/07\/1-2-900x675.jpg 900w, https:\/\/www.municipiosyucatan.com\/wp\/wp-content\/uploads\/2026\/07\/1-2-768x576.jpg 768w, https:\/\/www.municipiosyucatan.com\/wp\/wp-content\/uploads\/2026\/07\/1-2-1536x1153.jpg 1536w, https:\/\/www.municipiosyucatan.com\/wp\/wp-content\/uploads\/2026\/07\/1-2-80x60.jpg 80w, https:\/\/www.municipiosyucatan.com\/wp\/wp-content\/uploads\/2026\/07\/1-2-696x522.jpg 696w, https:\/\/www.municipiosyucatan.com\/wp\/wp-content\/uploads\/2026\/07\/1-2-265x198.jpg 265w\" sizes=\"auto, (max-width: 1599px) 100vw, 1599px\" \/><\/p>\n<h2 style=\"text-align: justify;\" data-section-id=\"zgpkr7\" data-start=\"781\" data-end=\"863\"><span role=\"text\"><strong data-start=\"784\" data-end=\"863\">Volcadura en la carretera Buctzotz-Tizim\u00edn moviliza a cuerpos de emergencia<\/strong><\/span><\/h2>\n<p style=\"text-align: justify;\" data-start=\"865\" data-end=\"1133\">De acuerdo con los primeros reportes, el conductor de la unidad presuntamente perdi\u00f3 el control al salir de una curva. Entre los factores que habr\u00edan influido en el accidente se mencionan el <strong data-start=\"1056\" data-end=\"1079\">exceso de velocidad<\/strong>, el <strong data-start=\"1084\" data-end=\"1106\">consumo de alcohol<\/strong> y el <strong data-start=\"1112\" data-end=\"1132\">pavimento mojado<\/strong>.<\/p>\n<p style=\"text-align: justify;\" data-start=\"1135\" data-end=\"1263\">La familia, originaria de <strong data-start=\"1161\" data-end=\"1175\">San Felipe<\/strong>, regresaba de una sesi\u00f3n fotogr\u00e1fica realizada en <strong data-start=\"1226\" data-end=\"1235\">Motul<\/strong> cuando ocurri\u00f3 el percance.<\/p>\n<h2 style=\"text-align: justify;\" data-section-id=\"13xvafk\" data-start=\"1265\" data-end=\"1312\"><span role=\"text\"><strong data-start=\"1268\" data-end=\"1312\">Automovilistas auxiliaron a las v\u00edctimas<\/strong><\/span><\/h2>\n<p style=\"text-align: justify;\" data-start=\"1314\" data-end=\"1570\">Tras la volcadura, los <strong data-start=\"1337\" data-end=\"1355\">seis ocupantes<\/strong>, incluidos <strong data-start=\"1367\" data-end=\"1390\">dos menores de edad<\/strong>, quedaron atrapados dentro del veh\u00edculo. Conductores que transitaban por la zona detuvieron su marcha para ayudar en el rescate antes de la llegada de los servicios de emergencia.<\/p>\n<p style=\"text-align: justify;\" data-start=\"1572\" data-end=\"1783\">Al lugar acudieron elementos de la <strong data-start=\"1607\" data-end=\"1640\">Polic\u00eda Municipal de Buctzotz<\/strong>, <strong data-start=\"1642\" data-end=\"1661\">Polic\u00eda Estatal<\/strong>, bomberos de la <strong data-start=\"1678\" data-end=\"1685\">SSP<\/strong> y param\u00e9dicos de las ambulancias <strong data-start=\"1719\" data-end=\"1727\">Y-64<\/strong> y <strong data-start=\"1730\" data-end=\"1738\">Y-71<\/strong>, quienes brindaron atenci\u00f3n prehospitalaria.<\/p>\n<p data-start=\"1572\" data-end=\"1783\"><img loading=\"lazy\" decoding=\"async\" class=\"alignnone size-full wp-image-54809\" src=\"https:\/\/www.municipiosyucatan.com\/wp\/wp-content\/uploads\/2026\/07\/2.jpg\" alt=\"Volcadura en la carretera Buctzotz-Tizim\u00edn con seis personas lesionadas.\" width=\"1280\" height=\"1200\" srcset=\"https:\/\/www.municipiosyucatan.com\/wp\/wp-content\/uploads\/2026\/07\/2.jpg 1280w, https:\/\/www.municipiosyucatan.com\/wp\/wp-content\/uploads\/2026\/07\/2-900x844.jpg 900w, https:\/\/www.municipiosyucatan.com\/wp\/wp-content\/uploads\/2026\/07\/2-768x720.jpg 768w, https:\/\/www.municipiosyucatan.com\/wp\/wp-content\/uploads\/2026\/07\/2-696x653.jpg 696w\" sizes=\"auto, (max-width: 1280px) 100vw, 1280px\" \/><\/p>\n<h3 style=\"text-align: justify;\" data-section-id=\"1drqvgz\" data-start=\"1785\" data-end=\"1839\"><span role=\"text\"><strong data-start=\"1789\" data-end=\"1839\">Uno de los lesionados fue reportado como grave<\/strong><\/span><\/h3>\n<p style=\"text-align: justify;\" data-start=\"1841\" data-end=\"2023\">Los heridos fueron trasladados al <strong data-start=\"1875\" data-end=\"1909\">Hospital San Carlos de Tizim\u00edn<\/strong>, donde recibir\u00edan atenci\u00f3n m\u00e9dica. De manera preliminar, uno de los lesionados fue reportado en estado <strong data-start=\"2013\" data-end=\"2022\">grave<\/strong>.<\/p>\n<p data-start=\"2025\" data-end=\"2184\">Elementos de la <strong data-start=\"2041\" data-end=\"2079\">Guardia Nacional, Divisi\u00f3n Caminos<\/strong>, quedaron a cargo del peritaje para determinar las causas del accidente, al tratarse de una v\u00eda federal.<\/p>\n","protected":false},"excerpt":{"rendered":"<p>Seis personas, entre ellas dos menores, resultaron lesionadas tras una volcadura en la carretera Buctzotz-Tizim\u00edn; uno de los heridos fue reportado grave.<\/p>\n","protected":false},"author":17,"featured_media":54808,"comment_status":"closed","ping_status":"closed","sticky":false,"template":"","format":"standard","meta":{"footnotes":""},"categories":[7705],"tags":[9073,12639,8641,12640,12637,12638],"class_list":["post-54807","post","type-post","status-publish","format-standard","has-post-thumbnail","category-yucatan-oriente","tag-accidente-en-buctzotz","tag-chevrolet-captiva","tag-guardia-nacional","tag-hospital-san-carlos-de-tizimin","tag-olcadura-en-la-carretera-buctzotz-tizimin","tag-seis-lesionados"],"_links":{"self":[{"href":"https:\/\/www.municipiosyucatan.com\/wp\/wp-json\/wp\/v2\/posts\/54807","targetHints":{"allow":["GET"]}}],"collection":[{"href":"https:\/\/www.municipiosyucatan.com\/wp\/wp-json\/wp\/v2\/posts"}],"about":[{"href":"https:\/\/www.municipiosyucatan.com\/wp\/wp-json\/wp\/v2\/types\/post"}],"author":[{"embeddable":true,"href":"https:\/\/www.municipiosyucatan.com\/wp\/wp-json\/wp\/v2\/users\/17"}],"replies":[{"embeddable":true,"href":"https:\/\/www.municipiosyucatan.com\/wp\/wp-json\/wp\/v2\/comments?post=54807"}],"version-history":[{"count":1,"href":"https:\/\/www.municipiosyucatan.com\/wp\/wp-json\/wp\/v2\/posts\/54807\/revisions"}],"predecessor-version":[{"id":54810,"href":"https:\/\/www.municipiosyucatan.com\/wp\/wp-json\/wp\/v2\/posts\/54807\/revisions\/54810"}],"wp:featuredmedia":[{"embeddable":true,"href":"https:\/\/www.municipiosyucatan.com\/wp\/wp-json\/wp\/v2\/media\/54808"}],"wp:attachment":[{"href":"https:\/\/www.municipiosyucatan.com\/wp\/wp-json\/wp\/v2\/media?parent=54807"}],"wp:term":[{"taxonomy":"category","embeddable":true,"href":"https:\/\/www.municipiosyucatan.com\/wp\/wp-json\/wp\/v2\/categories?post=54807"},{"taxonomy":"post_tag","embeddable":true,"href":"https:\/\/www.municipiosyucatan.com\/wp\/wp-json\/wp\/v2\/tags?post=54807"}],"curies":[{"name":"wp","href":"https:\/\/api.w.org\/{rel}","templated":true}]}}