{"id":54976,"date":"2026-07-23T10:42:41","date_gmt":"2026-07-23T16:42:41","guid":{"rendered":"https:\/\/www.municipiosyucatan.com\/wp\/?p=54976"},"modified":"2026-07-23T10:42:41","modified_gmt":"2026-07-23T16:42:41","slug":"nino-resulta-lesionado-tras-ser-atropellado-por-una-motocicleta-en-santa-clara","status":"publish","type":"post","link":"https:\/\/www.municipiosyucatan.com\/wp\/nino-resulta-lesionado-tras-ser-atropellado-por-una-motocicleta-en-santa-clara.html","title":{"rendered":"Ni\u00f1o resulta lesionado tras ser atropellado por una motocicleta en Santa Clara"},"content":{"rendered":"<p class=\"PDq2pG_selectionAnchorContainer\" style=\"text-align: justify;\" data-start=\"276\" data-end=\"530\"><strong data-start=\"276\" data-end=\"530\">Un ni\u00f1o de aproximadamente 9 a\u00f1os result\u00f3 <a href=\"https:\/\/www.municipiosyucatan.com\/wp\/hombre-resulta-lesionado-tras-caer-de-una-banqueta-en-el-sur-de-merida.html\">lesionado<\/a> luego de ser atropellado por una motocicleta en las playas de Santa Clara, comisar\u00eda de Dzidzant\u00fan. El conductor abandon\u00f3 el lugar y las autoridades realizaron un operativo para localizarlo.<\/strong><\/p>\n<p style=\"text-align: justify;\" data-start=\"532\" data-end=\"733\">Un menor de edad result\u00f3 lesionado la tarde del <strong data-start=\"580\" data-end=\"595\">22 de julio<\/strong> tras ser impactado por una motocicleta mientras caminaba en la zona de playa de <strong data-start=\"676\" data-end=\"691\">Santa Clara<\/strong>, a la altura del restaurante <strong data-start=\"721\" data-end=\"732\">Carmita<\/strong>.<\/p>\n<p style=\"text-align: justify;\" data-start=\"735\" data-end=\"904\">De acuerdo con los primeros reportes, el conductor de la motocicleta presuntamente atropell\u00f3 al menor y posteriormente se retir\u00f3 del sitio sin esperar a las autoridades.<\/p>\n<p data-start=\"735\" data-end=\"904\"><img loading=\"lazy\" decoding=\"async\" class=\"alignnone size-full wp-image-54977\" src=\"https:\/\/www.municipiosyucatan.com\/wp\/wp-content\/uploads\/2026\/07\/nino5.jpg\" alt=\"Param\u00e9dicos atienden a un menor atropellado en las playas de Santa Clara, en Dzidzant\u00fan.\" width=\"900\" height=\"1600\" srcset=\"https:\/\/www.municipiosyucatan.com\/wp\/wp-content\/uploads\/2026\/07\/nino5.jpg 900w, https:\/\/www.municipiosyucatan.com\/wp\/wp-content\/uploads\/2026\/07\/nino5-506x900.jpg 506w, https:\/\/www.municipiosyucatan.com\/wp\/wp-content\/uploads\/2026\/07\/nino5-768x1365.jpg 768w, https:\/\/www.municipiosyucatan.com\/wp\/wp-content\/uploads\/2026\/07\/nino5-864x1536.jpg 864w, https:\/\/www.municipiosyucatan.com\/wp\/wp-content\/uploads\/2026\/07\/nino5-696x1237.jpg 696w\" sizes=\"auto, (max-width: 900px) 100vw, 900px\" \/><\/p>\n<h2 style=\"text-align: justify;\" data-section-id=\"a9td73\" data-start=\"906\" data-end=\"948\"><span role=\"text\"><strong data-start=\"909\" data-end=\"948\">El menor fue trasladado al hospital<\/strong><\/span><\/h2>\n<p style=\"text-align: justify;\" data-start=\"950\" data-end=\"1079\">Familiares del ni\u00f1o, quienes se encontraban de visita en el puerto, solicitaron apoyo a trav\u00e9s del n\u00famero de emergencias <strong data-start=\"1071\" data-end=\"1078\">911<\/strong>.<\/p>\n<p style=\"text-align: justify;\" data-start=\"1081\" data-end=\"1240\">Param\u00e9dicos municipales acudieron al lugar para brindar los primeros auxilios y trasladaron al menor a un hospital en <strong data-start=\"1199\" data-end=\"1208\">Motul<\/strong>, donde recibi\u00f3 atenci\u00f3n m\u00e9dica.<\/p>\n<p data-start=\"1081\" data-end=\"1240\"><img loading=\"lazy\" decoding=\"async\" class=\"alignnone size-full wp-image-54978\" src=\"https:\/\/www.municipiosyucatan.com\/wp\/wp-content\/uploads\/2026\/07\/ff.jpg\" alt=\"Param\u00e9dicos atienden a un menor atropellado en las playas de Santa Clara, en Dzidzant\u00fan.\" width=\"1600\" height=\"900\" srcset=\"https:\/\/www.municipiosyucatan.com\/wp\/wp-content\/uploads\/2026\/07\/ff.jpg 1600w, https:\/\/www.municipiosyucatan.com\/wp\/wp-content\/uploads\/2026\/07\/ff-900x506.jpg 900w, https:\/\/www.municipiosyucatan.com\/wp\/wp-content\/uploads\/2026\/07\/ff-768x432.jpg 768w, https:\/\/www.municipiosyucatan.com\/wp\/wp-content\/uploads\/2026\/07\/ff-1536x864.jpg 1536w, https:\/\/www.municipiosyucatan.com\/wp\/wp-content\/uploads\/2026\/07\/ff-696x392.jpg 696w\" sizes=\"auto, (max-width: 1600px) 100vw, 1600px\" \/><\/p>\n<h2 style=\"text-align: justify;\" data-section-id=\"1bpdjva\" data-start=\"1242\" data-end=\"1295\"><span role=\"text\"><strong data-start=\"1245\" data-end=\"1295\">Autoridades realizan la b\u00fasqueda del conductor<\/strong><\/span><\/h2>\n<p style=\"text-align: justify;\" data-start=\"1297\" data-end=\"1424\">Elementos de seguridad implementaron un operativo para localizar al conductor involucrado y dar seguimiento a la investigaci\u00f3n.<\/p>\n<p style=\"text-align: justify;\" data-start=\"1426\" data-end=\"1775\">En redes sociales y entre habitantes de la comunidad han circulado diversas versiones sobre la identidad del presunto responsable y un supuesto v\u00ednculo con un elemento policiaco. <strong data-start=\"1605\" data-end=\"1674\">Hasta el momento, ninguna autoridad ha confirmado esa informaci\u00f3n<\/strong>, por lo que forma parte de l\u00edneas no verificadas y no existe un pronunciamiento oficial al respecto.<\/p>\n","protected":false},"excerpt":{"rendered":"<p>Un ni\u00f1o de aproximadamente 9 a\u00f1os fue atropellado por una motocicleta en las playas de Santa Clara. El conductor huy\u00f3 y las autoridades mantienen su b\u00fasqueda.<\/p>\n","protected":false},"author":17,"featured_media":54977,"comment_status":"closed","ping_status":"closed","sticky":false,"template":"","format":"standard","meta":{"footnotes":""},"categories":[7705],"tags":[9068,12765,12763,12762,12764],"class_list":["post-54976","post","type-post","status-publish","format-standard","has-post-thumbnail","category-yucatan-oriente","tag-accidente-en-dzidzantun","tag-menor-lesionado","tag-motociclista-se-da-a-la-fuga","tag-nino-atropellado-en-santa-clara","tag-playas-de-santa-clara"],"_links":{"self":[{"href":"https:\/\/www.municipiosyucatan.com\/wp\/wp-json\/wp\/v2\/posts\/54976","targetHints":{"allow":["GET"]}}],"collection":[{"href":"https:\/\/www.municipiosyucatan.com\/wp\/wp-json\/wp\/v2\/posts"}],"about":[{"href":"https:\/\/www.municipiosyucatan.com\/wp\/wp-json\/wp\/v2\/types\/post"}],"author":[{"embeddable":true,"href":"https:\/\/www.municipiosyucatan.com\/wp\/wp-json\/wp\/v2\/users\/17"}],"replies":[{"embeddable":true,"href":"https:\/\/www.municipiosyucatan.com\/wp\/wp-json\/wp\/v2\/comments?post=54976"}],"version-history":[{"count":1,"href":"https:\/\/www.municipiosyucatan.com\/wp\/wp-json\/wp\/v2\/posts\/54976\/revisions"}],"predecessor-version":[{"id":54979,"href":"https:\/\/www.municipiosyucatan.com\/wp\/wp-json\/wp\/v2\/posts\/54976\/revisions\/54979"}],"wp:featuredmedia":[{"embeddable":true,"href":"https:\/\/www.municipiosyucatan.com\/wp\/wp-json\/wp\/v2\/media\/54977"}],"wp:attachment":[{"href":"https:\/\/www.municipiosyucatan.com\/wp\/wp-json\/wp\/v2\/media?parent=54976"}],"wp:term":[{"taxonomy":"category","embeddable":true,"href":"https:\/\/www.municipiosyucatan.com\/wp\/wp-json\/wp\/v2\/categories?post=54976"},{"taxonomy":"post_tag","embeddable":true,"href":"https:\/\/www.municipiosyucatan.com\/wp\/wp-json\/wp\/v2\/tags?post=54976"}],"curies":[{"name":"wp","href":"https:\/\/api.w.org\/{rel}","templated":true}]}}