{"id":55273,"date":"2026-08-19T15:16:18","date_gmt":"2026-08-19T21:16:18","guid":{"rendered":"https:\/\/www.municipiosyucatan.com\/wp\/?p=55273"},"modified":"2026-08-19T15:16:18","modified_gmt":"2026-08-19T21:16:18","slug":"merida-abre-convocatorias-para-impulsar-la-creacion-literaria","status":"publish","type":"post","link":"https:\/\/www.municipiosyucatan.com\/wp\/merida-abre-convocatorias-para-impulsar-la-creacion-literaria.html","title":{"rendered":"M\u00e9rida abre convocatorias para impulsar la creaci\u00f3n literaria"},"content":{"rendered":"<p class=\"PDq2pG_selectionAnchorContainer\" style=\"text-align: justify;\" data-start=\"504\" data-end=\"694\">El Ayuntamiento de M\u00e9rida abri\u00f3 las convocatorias 2026 del <strong data-start=\"563\" data-end=\"636\"><a href=\"https:\/\/www.municipiosyucatan.com\/wp\/diputados-se-reunen-con-la-directora-del-isstey-y-expertos-para-conocer-a-fondo-la-situacion-financiera-del-instituto.html\">Fondo<\/a> Editorial y del Premio Internacional de Poes\u00eda Ciudad de M\u00e9rida<\/strong>, dirigidas a impulsar la creaci\u00f3n y producci\u00f3n literaria.<\/p>\n<p style=\"text-align: justify;\" data-start=\"696\" data-end=\"792\">\ud835\uddd9\ud835\udde2\ud835\udde1\ud835\uddd7\ud835\udde2 \ud835\uddd8\ud835\uddd7\ud835\udddc\ud835\udde7\ud835\udde2\ud835\udde5\ud835\udddc\ud835\uddd4\ud835\udddf \ud835\udde5\ud835\uddd8\ud835\uddd6\ud835\udddc\ud835\uddd5\ud835\udddc\ud835\udde5\ud835\uddd4\u0301 \ud835\udde2\ud835\uddd5\ud835\udde5\ud835\uddd4\ud835\udde6 \ud835\uddd7\ud835\uddd8 \ud835\uddd7\ud835\udddc\ud835\udde9\ud835\uddd8\ud835\udde5\ud835\udde6\ud835\udde2\ud835\udde6 \ud835\uddda\ud835\uddd8\u0301\ud835\udde1\ud835\uddd8\ud835\udde5\ud835\udde2\ud835\udde6<\/p>\n<p style=\"text-align: justify;\" data-start=\"794\" data-end=\"940\">El Fondo Editorial contempla novela, cuento, poes\u00eda, cr\u00f3nica, ensayo, dramaturgia, periodismo cultural e investigaci\u00f3n literaria y de humanidades.<\/p>\n<p style=\"text-align: justify;\" data-start=\"942\" data-end=\"1074\">Tambi\u00e9n podr\u00e1n presentarse obras de <strong data-start=\"978\" data-end=\"1018\">literatura infantil y en lengua maya<\/strong>, estas \u00faltimas acompa\u00f1adas de su traducci\u00f3n al espa\u00f1ol.<\/p>\n<p style=\"text-align: justify;\" data-start=\"1076\" data-end=\"1223\">Podr\u00e1n participar personas mayores de edad nacidas en M\u00e9rida, as\u00ed como mexicanas o extranjeras con <strong data-start=\"1175\" data-end=\"1209\">residencia m\u00ednima de tres a\u00f1os<\/strong> en la ciudad.<\/p>\n<p data-start=\"1076\" data-end=\"1223\"><img loading=\"lazy\" decoding=\"async\" class=\"alignnone size-full wp-image-55274\" src=\"https:\/\/www.municipiosyucatan.com\/wp\/wp-content\/uploads\/2026\/08\/libros.jpg\" alt=\"Fondo Editorial y Premio Internacional de Poes\u00eda Ciudad de M\u00e9rida 2026.\" width=\"1600\" height=\"900\" srcset=\"https:\/\/www.municipiosyucatan.com\/wp\/wp-content\/uploads\/2026\/08\/libros.jpg 1600w, https:\/\/www.municipiosyucatan.com\/wp\/wp-content\/uploads\/2026\/08\/libros-900x506.jpg 900w, https:\/\/www.municipiosyucatan.com\/wp\/wp-content\/uploads\/2026\/08\/libros-768x432.jpg 768w, https:\/\/www.municipiosyucatan.com\/wp\/wp-content\/uploads\/2026\/08\/libros-1536x864.jpg 1536w, https:\/\/www.municipiosyucatan.com\/wp\/wp-content\/uploads\/2026\/08\/libros-696x392.jpg 696w\" sizes=\"auto, (max-width: 1600px) 100vw, 1600px\" \/><\/p>\n<p style=\"text-align: justify;\" data-start=\"1225\" data-end=\"1293\">\ud835\uddd9\ud835\uddd8\ud835\uddd6\ud835\udddb\ud835\uddd4 \ud835\udddf\ud835\udddc\u0301\ud835\udde0\ud835\udddc\ud835\udde7\ud835\uddd8 \ud835\udde3\ud835\uddd4\ud835\udde5\ud835\uddd4 \ud835\uddd8\ud835\udddf \ud835\uddd9\ud835\udde2\ud835\udde1\ud835\uddd7\ud835\udde2 \ud835\uddd8\ud835\uddd7\ud835\udddc\ud835\udde7\ud835\udde2\ud835\udde5\ud835\udddc\ud835\uddd4\ud835\udddf<\/p>\n<p style=\"text-align: justify;\" data-start=\"1295\" data-end=\"1376\">La convocatoria permanecer\u00e1 abierta hasta el <strong data-start=\"1340\" data-end=\"1375\">16 de octubre a las 15:00 horas<\/strong>.<\/p>\n<p style=\"text-align: justify;\" data-start=\"1378\" data-end=\"1483\">Las obras deber\u00e1n entregarse en el Centro Cultural Jos\u00e9 Mart\u00ed, de lunes a viernes, de 9:00 a 15:00 horas.<\/p>\n<p style=\"text-align: justify;\" data-start=\"1485\" data-end=\"1645\">Las propuestas seleccionadas ser\u00e1n publicadas por el Ayuntamiento de M\u00e9rida en formato impreso. Las autoras y autores recibir\u00e1n el <strong data-start=\"1616\" data-end=\"1644\">25 por ciento del tiraje<\/strong>.<\/p>\n<p style=\"text-align: justify;\" data-start=\"1647\" data-end=\"1714\">\ud835\udde3\ud835\udde5\ud835\uddd8\ud835\udde0\ud835\udddc\ud835\udde2 \ud835\uddd7\ud835\uddd8 \ud835\udde3\ud835\udde2\ud835\uddd8\ud835\udde6\ud835\udddc\u0301\ud835\uddd4 \ud835\udde2\ud835\uddd9\ud835\udde5\ud835\uddd8\ud835\uddd6\ud835\uddd8 \ud835\udff3\ud835\udfec \ud835\udde0\ud835\udddc\ud835\udddf \ud835\udde3\ud835\uddd8\ud835\udde6\ud835\udde2\ud835\udde6<\/p>\n<p style=\"text-align: justify;\" data-start=\"1716\" data-end=\"1919\">El Premio Internacional de Poes\u00eda Ciudad de M\u00e9rida est\u00e1 dirigido a personas de <strong data-start=\"1795\" data-end=\"1843\">nacionalidad mexicana, espa\u00f1ola o venezolana<\/strong>, quienes podr\u00e1n participar con un poema o conjunto de poemas de tema libre.<\/p>\n<p style=\"text-align: justify;\" data-start=\"1921\" data-end=\"2037\">El premio consiste en <strong data-start=\"1943\" data-end=\"1959\">70 mil pesos<\/strong>, adem\u00e1s de la edici\u00f3n, impresi\u00f3n y difusi\u00f3n de la obra ganadora durante 2027.<\/p>\n<p style=\"text-align: justify;\" data-start=\"2039\" data-end=\"2218\">La fecha l\u00edmite para enviar propuestas ser\u00e1 el <strong data-start=\"2086\" data-end=\"2129\">viernes 23 de octubre a las 23:59 horas<\/strong>. Las obras deber\u00e1n enviarse de manera electr\u00f3nica al correo indicado en la convocatoria.<\/p>\n<p data-start=\"2039\" data-end=\"2218\"><img loading=\"lazy\" decoding=\"async\" class=\"alignnone size-full wp-image-55275\" src=\"https:\/\/www.municipiosyucatan.com\/wp\/wp-content\/uploads\/2026\/08\/40.jpg\" alt=\"Fondo Editorial y Premio Internacional de Poes\u00eda Ciudad de M\u00e9rida 2026.\" width=\"1600\" height=\"1600\" srcset=\"https:\/\/www.municipiosyucatan.com\/wp\/wp-content\/uploads\/2026\/08\/40.jpg 1600w, https:\/\/www.municipiosyucatan.com\/wp\/wp-content\/uploads\/2026\/08\/40-900x900.jpg 900w, https:\/\/www.municipiosyucatan.com\/wp\/wp-content\/uploads\/2026\/08\/40-768x768.jpg 768w, https:\/\/www.municipiosyucatan.com\/wp\/wp-content\/uploads\/2026\/08\/40-1536x1536.jpg 1536w, https:\/\/www.municipiosyucatan.com\/wp\/wp-content\/uploads\/2026\/08\/40-696x696.jpg 696w\" sizes=\"auto, (max-width: 1600px) 100vw, 1600px\" \/><\/p>\n<p style=\"text-align: justify;\" data-start=\"2220\" data-end=\"2308\">\ud835\udde2\ud835\udde7\ud835\udde5\ud835\uddd4\ud835\udde6 \ud835\uddd6\ud835\udde2\ud835\udde1\ud835\udde9\ud835\udde2\ud835\uddd6\ud835\uddd4\ud835\udde7\ud835\udde2\ud835\udde5\ud835\udddc\ud835\uddd4\ud835\udde6 \ud835\uddd6\ud835\udde8\ud835\udddf\ud835\udde7\ud835\udde8\ud835\udde5\ud835\uddd4\ud835\udddf\ud835\uddd8\ud835\udde6 \ud835\udde6\ud835\udddc\ud835\uddda\ud835\udde8\ud835\uddd8\ud835\udde1 \ud835\uddd4\ud835\uddd5\ud835\udddc\ud835\uddd8\ud835\udde5\ud835\udde7\ud835\uddd4\ud835\udde6<\/p>\n<p style=\"text-align: justify;\" data-start=\"2310\" data-end=\"2481\">Los resultados de ambas convocatorias se publicar\u00e1n en <strong data-start=\"2365\" data-end=\"2382\">enero de 2027<\/strong> mediante las redes de la Direcci\u00f3n de Identidad y Cultura y el sitio oficial de las convocatorias.<\/p>\n<p style=\"text-align: justify;\" data-start=\"2483\" data-end=\"2662\">Tambi\u00e9n contin\u00faa abierta la convocatoria del M\u00e9rida Fest 2027, con fechas l\u00edmite del 25 de agosto para m\u00fasica, 26 para teatro y artes circenses, y 27 para danza e interdisciplina.<\/p>\n<p style=\"text-align: justify;\" data-start=\"2664\" data-end=\"2763\">El Premio Nacional de Cuento \u201cBeatriz Espejo\u201d 2026 recibir\u00e1 trabajos hasta el <strong data-start=\"2742\" data-end=\"2762\">11 de septiembre<\/strong>.<\/p>\n","protected":false},"excerpt":{"rendered":"<p>M\u00e9rida abre el Fondo Editorial y el Premio Internacional de Poes\u00eda 2026 para recibir obras literarias in\u00e9ditas de diversos g\u00e9neros.<\/p>\n","protected":false},"author":17,"featured_media":55274,"comment_status":"closed","ping_status":"closed","sticky":false,"template":"","format":"standard","meta":{"footnotes":""},"categories":[7707],"tags":[12941,12942,12939,12943,12940],"class_list":["post-55273","post","type-post","status-publish","format-standard","has-post-thumbnail","category-yucatan-centro","tag-convocatorias-literarias","tag-creacion-literaria","tag-fondo-editorial-de-merida","tag-merida-2026","tag-premio-internacional-de-poesia-ciudad-de-merida"],"_links":{"self":[{"href":"https:\/\/www.municipiosyucatan.com\/wp\/wp-json\/wp\/v2\/posts\/55273","targetHints":{"allow":["GET"]}}],"collection":[{"href":"https:\/\/www.municipiosyucatan.com\/wp\/wp-json\/wp\/v2\/posts"}],"about":[{"href":"https:\/\/www.municipiosyucatan.com\/wp\/wp-json\/wp\/v2\/types\/post"}],"author":[{"embeddable":true,"href":"https:\/\/www.municipiosyucatan.com\/wp\/wp-json\/wp\/v2\/users\/17"}],"replies":[{"embeddable":true,"href":"https:\/\/www.municipiosyucatan.com\/wp\/wp-json\/wp\/v2\/comments?post=55273"}],"version-history":[{"count":1,"href":"https:\/\/www.municipiosyucatan.com\/wp\/wp-json\/wp\/v2\/posts\/55273\/revisions"}],"predecessor-version":[{"id":55276,"href":"https:\/\/www.municipiosyucatan.com\/wp\/wp-json\/wp\/v2\/posts\/55273\/revisions\/55276"}],"wp:featuredmedia":[{"embeddable":true,"href":"https:\/\/www.municipiosyucatan.com\/wp\/wp-json\/wp\/v2\/media\/55274"}],"wp:attachment":[{"href":"https:\/\/www.municipiosyucatan.com\/wp\/wp-json\/wp\/v2\/media?parent=55273"}],"wp:term":[{"taxonomy":"category","embeddable":true,"href":"https:\/\/www.municipiosyucatan.com\/wp\/wp-json\/wp\/v2\/categories?post=55273"},{"taxonomy":"post_tag","embeddable":true,"href":"https:\/\/www.municipiosyucatan.com\/wp\/wp-json\/wp\/v2\/tags?post=55273"}],"curies":[{"name":"wp","href":"https:\/\/api.w.org\/{rel}","templated":true}]}}