{"id":55358,"date":"2026-08-26T15:55:11","date_gmt":"2026-08-26T21:55:11","guid":{"rendered":"https:\/\/www.municipiosyucatan.com\/wp\/?p=55358"},"modified":"2026-08-26T15:55:11","modified_gmt":"2026-08-26T21:55:11","slug":"director-de-policia-de-seye-habria-sufrido-accidente-senalan-presunto-intento-de-ocultar-su-identidad","status":"publish","type":"post","link":"https:\/\/www.municipiosyucatan.com\/wp\/director-de-policia-de-seye-habria-sufrido-accidente-senalan-presunto-intento-de-ocultar-su-identidad.html","title":{"rendered":"Director de Polic\u00eda de Sey\u00e9 habr\u00eda sufrido accidente; se\u00f1alan presunto intento de ocultar su identidad"},"content":{"rendered":"<p class=\"PDq2pG_selectionAnchorContainer\" style=\"text-align: justify;\" data-start=\"104\" data-end=\"183\">\ud835\uddd4\ud835\uddd6\ud835\uddd6\ud835\udddc\ud835\uddd7\ud835\uddd8\ud835\udde1\ud835\udde7\ud835\uddd8 \ud835\uddda\ud835\uddd8\ud835\udde1\ud835\uddd8\ud835\udde5\ud835\uddd4 \ud835\uddd6\ud835\udde8\ud835\uddd8\ud835\udde6\ud835\udde7\ud835\udddc\ud835\udde2\ud835\udde1\ud835\uddd4\ud835\udde0\ud835\udddc\ud835\uddd8\ud835\udde1\ud835\udde7\ud835\udde2\ud835\udde6 \ud835\uddd8\ud835\udde1 \ud835\udde6\ud835\uddd8\ud835\uddec\ud835\uddd8\u0301<\/p>\n<p style=\"text-align: justify;\" data-start=\"185\" data-end=\"388\">Un accidente ocurrido la ma\u00f1ana de este mi\u00e9rcoles en la salida de <a href=\"https:\/\/www.municipiosyucatan.com\/wp\/accidente-en-seye-deja-dos-motociclistas-lesionados.html\"><strong data-start=\"251\" data-end=\"259\">Sey\u00e9<\/strong>,<\/a> rumbo al entronque con la carretera M\u00e9rida-Canc\u00fan, gener\u00f3 se\u00f1alamientos sobre la identidad del conductor de una camioneta gris.<\/p>\n<p style=\"text-align: justify;\" data-start=\"390\" data-end=\"592\">De acuerdo con testimonios recabados en el lugar, el veh\u00edculo habr\u00eda circulado de manera err\u00e1tica alrededor de las 8:00 horas y termin\u00f3 fuera de la carretera, a unos 300 metros de la escuela secundaria.<\/p>\n<p data-start=\"390\" data-end=\"592\"><img loading=\"lazy\" decoding=\"async\" class=\"alignnone size-full wp-image-55359\" src=\"https:\/\/www.municipiosyucatan.com\/wp\/wp-content\/uploads\/2026\/08\/2fb69599-6e26-4a78-8389-4d9b913ed95c.jpg\" alt=\"Camioneta involucrada en accidente en la salida de Sey\u00e9.\" width=\"1600\" height=\"1066\" srcset=\"https:\/\/www.municipiosyucatan.com\/wp\/wp-content\/uploads\/2026\/08\/2fb69599-6e26-4a78-8389-4d9b913ed95c.jpg 1600w, https:\/\/www.municipiosyucatan.com\/wp\/wp-content\/uploads\/2026\/08\/2fb69599-6e26-4a78-8389-4d9b913ed95c-900x600.jpg 900w, https:\/\/www.municipiosyucatan.com\/wp\/wp-content\/uploads\/2026\/08\/2fb69599-6e26-4a78-8389-4d9b913ed95c-768x512.jpg 768w, https:\/\/www.municipiosyucatan.com\/wp\/wp-content\/uploads\/2026\/08\/2fb69599-6e26-4a78-8389-4d9b913ed95c-1536x1023.jpg 1536w, https:\/\/www.municipiosyucatan.com\/wp\/wp-content\/uploads\/2026\/08\/2fb69599-6e26-4a78-8389-4d9b913ed95c-696x464.jpg 696w\" sizes=\"auto, (max-width: 1600px) 100vw, 1600px\" \/><\/p>\n<p style=\"text-align: justify;\" data-start=\"594\" data-end=\"665\">\ud835\udde7\ud835\uddd8\ud835\udde6\ud835\udde7\ud835\udddc\ud835\uddda\ud835\udde2\ud835\udde6 \ud835\udde6\ud835\uddd8\ud835\udde1\u0303\ud835\uddd4\ud835\udddf\ud835\uddd4\ud835\udde1 \ud835\uddd4\ud835\udddf \ud835\uddd7\ud835\udddc\ud835\udde5\ud835\uddd8\ud835\uddd6\ud835\udde7\ud835\udde2\ud835\udde5 \ud835\udde3\ud835\udde2\ud835\udddf\ud835\udddc\ud835\uddd6\ud835\udddc\ud835\uddd4\ud835\udddf<\/p>\n<p style=\"text-align: justify;\" data-start=\"667\" data-end=\"846\">Personas presentes afirmaron que el conductor ser\u00eda <strong data-start=\"719\" data-end=\"772\">Rodrigo, director de la Polic\u00eda Municipal de Sey\u00e9<\/strong>, quien presuntamente habr\u00eda descendido de la unidad despu\u00e9s del percance.<\/p>\n<p style=\"text-align: justify;\" data-start=\"848\" data-end=\"995\">Algunos testigos tambi\u00e9n se\u00f1alaron que el funcionario presentaba aparentes signos de ebriedad. <strong data-start=\"943\" data-end=\"995\">Esta versi\u00f3n no ha sido confirmada oficialmente.<\/strong><\/p>\n<p style=\"text-align: justify;\" data-start=\"997\" data-end=\"1100\">\ud835\udde3\ud835\udde5\ud835\uddd8\ud835\udde6\ud835\udde8\ud835\udde1\ud835\udde7\ud835\uddd4\ud835\udde0\ud835\uddd8\ud835\udde1\ud835\udde7\ud835\uddd8 \ud835\udddc\ud835\udde1\ud835\udde7\ud835\uddd8\ud835\udde1\ud835\udde7\ud835\uddd4\ud835\udde5\ud835\udde2\ud835\udde1 \ud835\uddd8\ud835\udde9\ud835\udddc\ud835\udde7\ud835\uddd4\ud835\udde5 \ud835\udde4\ud835\udde8\ud835\uddd8 \ud835\uddd9\ud835\udde8\ud835\uddd8\ud835\udde5\ud835\uddd4 \ud835\udddc\ud835\uddd7\ud835\uddd8\ud835\udde1\ud835\udde7\ud835\udddc\ud835\uddd9\ud835\udddc\ud835\uddd6\ud835\uddd4\ud835\uddd7\ud835\udde2<\/p>\n<p style=\"text-align: justify;\" data-start=\"1102\" data-end=\"1209\">Tras el accidente arribaron polic\u00edas municipales y posteriormente una ambulancia para atender la situaci\u00f3n.<\/p>\n<p style=\"text-align: justify;\" data-start=\"1211\" data-end=\"1462\">Seg\u00fan los testimonios, durante la movilizaci\u00f3n algunos agentes habr\u00edan intentado <strong data-start=\"1292\" data-end=\"1335\">evitar que se identificara al conductor<\/strong>. Incluso, uno de los polic\u00edas presuntamente se habr\u00eda quitado la camisa para cubrirlo mientras era trasladado a la ambulancia.<\/p>\n<p data-start=\"1211\" data-end=\"1462\"><img loading=\"lazy\" decoding=\"async\" class=\"alignnone size-full wp-image-55360\" src=\"https:\/\/www.municipiosyucatan.com\/wp\/wp-content\/uploads\/2026\/08\/59e0d835-f36a-43d9-8f3e-0ef58cfc9be5.jpg\" alt=\"Camioneta involucrada en accidente en la salida de Sey\u00e9.\" width=\"1600\" height=\"1066\" srcset=\"https:\/\/www.municipiosyucatan.com\/wp\/wp-content\/uploads\/2026\/08\/59e0d835-f36a-43d9-8f3e-0ef58cfc9be5.jpg 1600w, https:\/\/www.municipiosyucatan.com\/wp\/wp-content\/uploads\/2026\/08\/59e0d835-f36a-43d9-8f3e-0ef58cfc9be5-900x600.jpg 900w, https:\/\/www.municipiosyucatan.com\/wp\/wp-content\/uploads\/2026\/08\/59e0d835-f36a-43d9-8f3e-0ef58cfc9be5-768x512.jpg 768w, https:\/\/www.municipiosyucatan.com\/wp\/wp-content\/uploads\/2026\/08\/59e0d835-f36a-43d9-8f3e-0ef58cfc9be5-1536x1023.jpg 1536w, https:\/\/www.municipiosyucatan.com\/wp\/wp-content\/uploads\/2026\/08\/59e0d835-f36a-43d9-8f3e-0ef58cfc9be5-696x464.jpg 696w\" sizes=\"auto, (max-width: 1600px) 100vw, 1600px\" \/><\/p>\n<p style=\"text-align: justify;\" data-start=\"1464\" data-end=\"1537\">\ud835\udde6\ud835\uddd8\ud835\udde1\u0303\ud835\uddd4\ud835\udddf\ud835\uddd4\ud835\udde1 \ud835\udde4\ud835\udde8\ud835\uddd8 \ud835\uddd9\ud835\uddd4\ud835\udde0\ud835\udddc\ud835\udddf\ud835\udddc\ud835\uddd4\ud835\udde5 \ud835\udde3\ud835\udddc\ud835\uddd7\ud835\udddc\ud835\udde2\u0301 \ud835\uddd7\ud835\udddc\ud835\udde6\ud835\uddd6\ud835\udde5\ud835\uddd8\ud835\uddd6\ud835\udddc\ud835\udde2\u0301\ud835\udde1<\/p>\n<p style=\"text-align: justify;\" data-start=\"1539\" data-end=\"1635\">M\u00e1s tarde lleg\u00f3 al sitio el padre del funcionario, quien pudo acercarse al veh\u00edculo accidentado.<\/p>\n<p style=\"text-align: justify;\" data-start=\"1637\" data-end=\"1773\">De acuerdo con personas presentes, habr\u00eda solicitado discreci\u00f3n a representantes de medios de comunicaci\u00f3n sobre la cobertura del hecho.<\/p>\n<p style=\"text-align: justify;\" data-start=\"1775\" data-end=\"1861\">\ud835\udde1\ud835\udde2 \ud835\udddb\ud835\uddd4\ud835\uddec \ud835\udde9\ud835\uddd8\ud835\udde5\ud835\udde6\ud835\udddc\ud835\udde2\u0301\ud835\udde1 \ud835\udde2\ud835\uddd9\ud835\udddc\ud835\uddd6\ud835\udddc\ud835\uddd4\ud835\udddf \ud835\udde6\ud835\udde2\ud835\uddd5\ud835\udde5\ud835\uddd8 \ud835\udde3\ud835\udde5\ud835\udde8\ud835\uddd8\ud835\uddd5\ud835\uddd4 \ud835\uddd7\ud835\uddd8 \ud835\uddd4\ud835\udddf\ud835\uddd6\ud835\udde2\ud835\udddb\ud835\udde2\ud835\udddf<\/p>\n<p style=\"text-align: justify;\" data-start=\"1863\" data-end=\"2043\">Hasta el momento, <strong data-start=\"1881\" data-end=\"1916\">no se ha informado oficialmente<\/strong> si el conductor fue sometido a una prueba de alcoholimetr\u00eda, si hubo personas lesionadas o si existe una investigaci\u00f3n formal.<\/p>\n<p style=\"text-align: justify;\" data-start=\"2045\" data-end=\"2197\">Los se\u00f1alamientos corresponden a testimonios de personas que estuvieron en el lugar y <strong data-start=\"2131\" data-end=\"2196\">deber\u00e1n ser esclarecidos por las autoridades correspondientes<\/strong>.<\/p>\n","protected":false},"excerpt":{"rendered":"<p>Accidente en Sey\u00e9 genera se\u00f1alamientos sobre el conductor de una camioneta y un presunto intento por evitar su identificaci\u00f3n.<\/p>\n","protected":false},"author":17,"featured_media":55359,"comment_status":"closed","ping_status":"closed","sticky":false,"template":"","format":"standard","meta":{"footnotes":""},"categories":[7704],"tags":[12691,12991,7856,9087,12990],"class_list":["post-55358","post","type-post","status-publish","format-standard","has-post-thumbnail","category-yucatan-sur","tag-accidente-en-seye","tag-accidente-vial-yucatan","tag-carretera-merida-cancun","tag-director-de-policia","tag-policia-municipal-de-seye"],"_links":{"self":[{"href":"https:\/\/www.municipiosyucatan.com\/wp\/wp-json\/wp\/v2\/posts\/55358","targetHints":{"allow":["GET"]}}],"collection":[{"href":"https:\/\/www.municipiosyucatan.com\/wp\/wp-json\/wp\/v2\/posts"}],"about":[{"href":"https:\/\/www.municipiosyucatan.com\/wp\/wp-json\/wp\/v2\/types\/post"}],"author":[{"embeddable":true,"href":"https:\/\/www.municipiosyucatan.com\/wp\/wp-json\/wp\/v2\/users\/17"}],"replies":[{"embeddable":true,"href":"https:\/\/www.municipiosyucatan.com\/wp\/wp-json\/wp\/v2\/comments?post=55358"}],"version-history":[{"count":1,"href":"https:\/\/www.municipiosyucatan.com\/wp\/wp-json\/wp\/v2\/posts\/55358\/revisions"}],"predecessor-version":[{"id":55361,"href":"https:\/\/www.municipiosyucatan.com\/wp\/wp-json\/wp\/v2\/posts\/55358\/revisions\/55361"}],"wp:featuredmedia":[{"embeddable":true,"href":"https:\/\/www.municipiosyucatan.com\/wp\/wp-json\/wp\/v2\/media\/55359"}],"wp:attachment":[{"href":"https:\/\/www.municipiosyucatan.com\/wp\/wp-json\/wp\/v2\/media?parent=55358"}],"wp:term":[{"taxonomy":"category","embeddable":true,"href":"https:\/\/www.municipiosyucatan.com\/wp\/wp-json\/wp\/v2\/categories?post=55358"},{"taxonomy":"post_tag","embeddable":true,"href":"https:\/\/www.municipiosyucatan.com\/wp\/wp-json\/wp\/v2\/tags?post=55358"}],"curies":[{"name":"wp","href":"https:\/\/api.w.org\/{rel}","templated":true}]}}