{"id":55414,"date":"2026-09-02T16:49:59","date_gmt":"2026-09-02T22:49:59","guid":{"rendered":"https:\/\/www.municipiosyucatan.com\/wp\/?p=55414"},"modified":"2026-09-02T16:50:37","modified_gmt":"2026-09-02T22:50:37","slug":"tras-rina-machetea-a-su-sobrino-en-comisaria-de-tizimin","status":"publish","type":"post","link":"https:\/\/www.municipiosyucatan.com\/wp\/tras-rina-machetea-a-su-sobrino-en-comisaria-de-tizimin.html","title":{"rendered":"Tras ri\u00f1a, machetea a su sobrino en comisar\u00eda de Tizim\u00edn"},"content":{"rendered":"<p class=\"isSelectedEnd\" style=\"text-align: justify;\">Una ri\u00f1a familiar dej\u00f3 a un hombre de 33 a\u00f1os herido y a su t\u00edo detenido, luego de que presuntamente lo atacara con un<a href=\"https:\/\/www.municipiosyucatan.com\/wp\/persecucion-a-tiros-y-con-machete-altera-la-paz-en-tizimin.html\"> machete<\/a> dentro de su domicilio en la comisar\u00eda de San Hip\u00f3lito, Tizim\u00edn.<\/p>\n<p class=\"isSelectedEnd\" style=\"text-align: justify;\">De acuerdo con los primeros reportes, el t\u00edo lleg\u00f3 a la vivienda y, por motivos a\u00fan no esclarecidos, ambos comenzaron una discusi\u00f3n que r\u00e1pidamente subi\u00f3 de tono.<\/p>\n<p><img loading=\"lazy\" decoding=\"async\" class=\"alignnone size-full wp-image-55415\" src=\"https:\/\/www.municipiosyucatan.com\/wp\/wp-content\/uploads\/2026\/09\/WhatsApp-Image-2026-09-02-at-12.43.50-PM.jpeg\" alt=\"lementos policiacos durante el operativo tras una ri\u00f1a familiar en San Hip\u00f3lito, Tizim\u00edn.\" width=\"900\" height=\"1600\" srcset=\"https:\/\/www.municipiosyucatan.com\/wp\/wp-content\/uploads\/2026\/09\/WhatsApp-Image-2026-09-02-at-12.43.50-PM.jpeg 900w, https:\/\/www.municipiosyucatan.com\/wp\/wp-content\/uploads\/2026\/09\/WhatsApp-Image-2026-09-02-at-12.43.50-PM-506x900.jpeg 506w, https:\/\/www.municipiosyucatan.com\/wp\/wp-content\/uploads\/2026\/09\/WhatsApp-Image-2026-09-02-at-12.43.50-PM-768x1365.jpeg 768w, https:\/\/www.municipiosyucatan.com\/wp\/wp-content\/uploads\/2026\/09\/WhatsApp-Image-2026-09-02-at-12.43.50-PM-864x1536.jpeg 864w, https:\/\/www.municipiosyucatan.com\/wp\/wp-content\/uploads\/2026\/09\/WhatsApp-Image-2026-09-02-at-12.43.50-PM-696x1237.jpeg 696w\" sizes=\"auto, (max-width: 900px) 100vw, 900px\" \/><\/p>\n<p class=\"isSelectedEnd\" style=\"text-align: justify;\">\ud835\uddd4\ud835\ude01\ud835\uddee\ud835\uddfe\ud835\ude02\ud835\uddf2 \ud835\uddf0\ud835\uddfc\ud835\uddfb \ud835\uddfa\ud835\uddee\ud835\uddf0\ud835\uddf5\ud835\uddf2\ud835\ude01\ud835\uddf2<\/p>\n<p class=\"isSelectedEnd\" style=\"text-align: justify;\">Durante el enfrentamiento, el presunto agresor habr\u00eda tomado un machete y atacado a su sobrino, quien sufri\u00f3 al menos cuatro heridas.<\/p>\n<p class=\"isSelectedEnd\" style=\"text-align: justify;\">La situaci\u00f3n gener\u00f3 la movilizaci\u00f3n de elementos policiacos y servicios de emergencia. El lesionado recibi\u00f3 los primeros auxilios y fue trasladado al Centro de Salud de Colonia Yucat\u00e1n.<\/p>\n<p class=\"isSelectedEnd\" style=\"text-align: justify;\">Debido a la gravedad de sus lesiones, posteriormente fue llevado al Hospital General San Carlos de Tizim\u00edn, donde qued\u00f3 bajo atenci\u00f3n m\u00e9dica.<\/p>\n<p class=\"isSelectedEnd\" style=\"text-align: justify;\">\ud835\uddd7\ud835\uddf2\ud835\ude01\ud835\uddf6\ud835\uddf2\ud835\uddfb\ud835\uddf2\ud835\uddfb \ud835\uddee\ud835\uddf9 \ud835\uddfd\ud835\uddff\ud835\uddf2\ud835\ude00\ud835\ude02\ud835\uddfb\ud835\ude01\ud835\uddfc \ud835\uddff\ud835\uddf2\ud835\ude00\ud835\uddfd\ud835\uddfc\ud835\uddfb\ud835\ude00\ud835\uddee\ud835\uddef\ud835\uddf9\ud835\uddf2<\/p>\n<p class=\"isSelectedEnd\" style=\"text-align: justify;\">Los agentes lograron detener al presunto agresor y lo trasladaron al Cuartel Morelos. Posteriormente qued\u00f3 a disposici\u00f3n de la Fiscal\u00eda General del Estado, autoridad que determinar\u00e1 su situaci\u00f3n jur\u00eddica.<\/p>\n<p><img loading=\"lazy\" decoding=\"async\" class=\"alignnone size-full wp-image-55416\" src=\"https:\/\/www.municipiosyucatan.com\/wp\/wp-content\/uploads\/2026\/09\/WhatsApp-Image-2026-09-02-at-12.43.43-PM.jpeg\" alt=\"lementos policiacos durante el operativo tras una ri\u00f1a familiar en San Hip\u00f3lito, Tizim\u00edn.\" width=\"1600\" height=\"1200\" srcset=\"https:\/\/www.municipiosyucatan.com\/wp\/wp-content\/uploads\/2026\/09\/WhatsApp-Image-2026-09-02-at-12.43.43-PM.jpeg 1600w, https:\/\/www.municipiosyucatan.com\/wp\/wp-content\/uploads\/2026\/09\/WhatsApp-Image-2026-09-02-at-12.43.43-PM-900x675.jpeg 900w, https:\/\/www.municipiosyucatan.com\/wp\/wp-content\/uploads\/2026\/09\/WhatsApp-Image-2026-09-02-at-12.43.43-PM-768x576.jpeg 768w, https:\/\/www.municipiosyucatan.com\/wp\/wp-content\/uploads\/2026\/09\/WhatsApp-Image-2026-09-02-at-12.43.43-PM-1536x1152.jpeg 1536w, https:\/\/www.municipiosyucatan.com\/wp\/wp-content\/uploads\/2026\/09\/WhatsApp-Image-2026-09-02-at-12.43.43-PM-80x60.jpeg 80w, https:\/\/www.municipiosyucatan.com\/wp\/wp-content\/uploads\/2026\/09\/WhatsApp-Image-2026-09-02-at-12.43.43-PM-696x522.jpeg 696w, https:\/\/www.municipiosyucatan.com\/wp\/wp-content\/uploads\/2026\/09\/WhatsApp-Image-2026-09-02-at-12.43.43-PM-265x198.jpeg 265w\" sizes=\"auto, (max-width: 1600px) 100vw, 1600px\" \/><\/p>\n<p style=\"text-align: justify;\">Las investigaciones contin\u00faan para esclarecer el origen de la disputa y determinar las responsabilidades correspondientes.<\/p>\n","protected":false},"excerpt":{"rendered":"<p>Un hombre de 33 a\u00f1os result\u00f3 herido tras ser presuntamente atacado con un machete por su t\u00edo durante una ri\u00f1a familiar en San Hip\u00f3lito.<\/p>\n","protected":false},"author":17,"featured_media":55415,"comment_status":"closed","ping_status":"closed","sticky":false,"template":"","format":"standard","meta":{"footnotes":""},"categories":[7706],"tags":[4462,1884,8856,9135,13016,7152],"class_list":["post-55414","post","type-post","status-publish","format-standard","has-post-thumbnail","category-yucatan-poniente","tag-detenido","tag-fiscalia-general-del-estado","tag-machete","tag-rina-familiar","tag-san-hipolito","tag-tizimin"],"_links":{"self":[{"href":"https:\/\/www.municipiosyucatan.com\/wp\/wp-json\/wp\/v2\/posts\/55414","targetHints":{"allow":["GET"]}}],"collection":[{"href":"https:\/\/www.municipiosyucatan.com\/wp\/wp-json\/wp\/v2\/posts"}],"about":[{"href":"https:\/\/www.municipiosyucatan.com\/wp\/wp-json\/wp\/v2\/types\/post"}],"author":[{"embeddable":true,"href":"https:\/\/www.municipiosyucatan.com\/wp\/wp-json\/wp\/v2\/users\/17"}],"replies":[{"embeddable":true,"href":"https:\/\/www.municipiosyucatan.com\/wp\/wp-json\/wp\/v2\/comments?post=55414"}],"version-history":[{"count":2,"href":"https:\/\/www.municipiosyucatan.com\/wp\/wp-json\/wp\/v2\/posts\/55414\/revisions"}],"predecessor-version":[{"id":55418,"href":"https:\/\/www.municipiosyucatan.com\/wp\/wp-json\/wp\/v2\/posts\/55414\/revisions\/55418"}],"wp:featuredmedia":[{"embeddable":true,"href":"https:\/\/www.municipiosyucatan.com\/wp\/wp-json\/wp\/v2\/media\/55415"}],"wp:attachment":[{"href":"https:\/\/www.municipiosyucatan.com\/wp\/wp-json\/wp\/v2\/media?parent=55414"}],"wp:term":[{"taxonomy":"category","embeddable":true,"href":"https:\/\/www.municipiosyucatan.com\/wp\/wp-json\/wp\/v2\/categories?post=55414"},{"taxonomy":"post_tag","embeddable":true,"href":"https:\/\/www.municipiosyucatan.com\/wp\/wp-json\/wp\/v2\/tags?post=55414"}],"curies":[{"name":"wp","href":"https:\/\/api.w.org\/{rel}","templated":true}]}}